{"id":307897,"date":"2025-08-09T18:47:13","date_gmt":"2025-08-09T18:47:13","guid":{"rendered":"https:\/\/www.europesays.com\/fr\/307897\/"},"modified":"2025-08-09T18:47:13","modified_gmt":"2025-08-09T18:47:13","slug":"jalibert-woki-sadiedenormes-retours-attendus-pour-la-1ere-journee","status":"publish","type":"post","link":"https:\/\/www.europesays.com\/fr\/307897\/","title":{"rendered":"Jalibert, Woki, Sadie\u2026d\u2019\u00e9normes retours attendus pour la 1\u00e8re journ\u00e9e !"},"content":{"rendered":"<p>Les bonnes nouvelles s\u2019encha\u00eenent pour l\u2019Union Bordeaux-B\u00e8gles. Ce mercredi, le champion d\u2019Europe en titre a repris le chemin de l\u2019entra\u00eenement apr\u00e8s des vacances bien m\u00e9rit\u00e9es. Si certains joueurs manquaient \u00e0 l\u2019appel, \u00e0 l\u2019image de Nicolas Depoortere, Pierre Bochaton, Bastien Vergnes-Taillefer ainsi que les recrues Cameron Woki et Ga\u00ebtan Barlot, tous retenus avec le XV de France en Nouvelle-Z\u00e9lande, les autres cadres \u00e9taient pr\u00e9sents.<\/p>\n<p>Ainsi, comme le pr\u00e9cise <a href=\"https:\/\/www.sudouest.fr\/sport\/rugby\/bordeaux-begles\/bordeaux-begles-optimisme-pour-jalibert-et-woki-taufa-a-prolonge-25504061.php\" rel=\"nofollow noopener\" target=\"_blank\">Sud-Ouest<\/a>, Matthieu Jalibert s\u2019est content\u00e9 d\u2019exercices individuels apr\u00e8s avoir \u00e9t\u00e9 op\u00e9r\u00e9 du genou lors de la tr\u00eave. N\u00e9anmoins, l\u2019ouvreur avance plus vite que pr\u00e9vu et le staff esp\u00e8re le faire jouer lors de la premi\u00e8re journ\u00e9e, le 6 septembre prochain \u00e0 l\u2019occasion de la r\u00e9ception de La Rochelle. Carl\u00fc Sadie, absent toute la deuxi\u00e8me partie de saison, est en phase de reprise et devrait \u00e9galement \u00eatre pr\u00eat.<\/p>\n<p>Woki et Vergnes-Taillefer sur le retour, pas Coleman ou Van Rensburg<\/p>\n<p>Enfin, Cameron Woki et Bastien Vergnes-Taillefer, touch\u00e9s respectivement au genou et \u00e0 la cheville avec les Bleus, seront aptes pour la reprise, et m\u00eame probablement pour le dernier match de pr\u00e9paration contre Montauban, le 28 ao\u00fbt prochain \u00e0 Agen. En revanche, Lachlan Swinton et Janse Ven Rensburg ne seront disponible que vers la fin du mois de septembre, tandis qu\u2019Adam Coleman est toujours g\u00ean\u00e9, \u00e0 la fois par son pectoral et par une op\u00e9ration de l\u2019appendicite, qui s\u2019est d\u00e9roul\u00e9e jeudi dernier.<\/p>\n<p>Partagez cette info avec vos amis et vos proches en cliquant ici<br \/>Pour r\u00e9sumer<\/p>\n<p>L\u2019Union Bordeaux-B\u00e8gles devrait pouvoir compter sur de nombreux joueurs, bless\u00e9s ces derni\u00e8res semaines, lors de la premi\u00e8re journ\u00e9e de Top 14. Matthieu Jalibert, Cameron Woki ou Bastien Vergnes-Taillefer devraient postuler contre La Rochelle.<\/p>\n<p> <img decoding=\"async\" width=\"76\" height=\"76\" loading=\"lazy\" src=\"https:\/\/www.europesays.com\/fr\/wp-content\/uploads\/2025\/04\/avatar-quinze.png\" alt=\"Arnaud D\u00e9chelotte\"\/><\/p>\n","protected":false},"excerpt":{"rendered":"Les bonnes nouvelles s\u2019encha\u00eenent pour l\u2019Union Bordeaux-B\u00e8gles. Ce mercredi, le champion d\u2019Europe en titre a repris le chemin&hellip;\n","protected":false},"author":2,"featured_media":307898,"comment_status":"","ping_status":"","sticky":false,"template":"","format":"standard","meta":{"footnotes":""},"categories":[1416],"tags":[1011,27,479,1468,60],"class_list":{"0":"post-307897","1":"post","2":"type-post","3":"status-publish","4":"format-standard","5":"has-post-thumbnail","7":"category-rugby","8":"tag-fr","9":"tag-france","10":"tag-rugby","11":"tag-rugby-football","12":"tag-sports"},"share_on_mastodon":{"url":"https:\/\/pubeurope.com\/@fr\/115000301584848561","error":""},"_links":{"self":[{"href":"https:\/\/www.europesays.com\/fr\/wp-json\/wp\/v2\/posts\/307897","targetHints":{"allow":["GET"]}}],"collection":[{"href":"https:\/\/www.europesays.com\/fr\/wp-json\/wp\/v2\/posts"}],"about":[{"href":"https:\/\/www.europesays.com\/fr\/wp-json\/wp\/v2\/types\/post"}],"author":[{"embeddable":true,"href":"https:\/\/www.europesays.com\/fr\/wp-json\/wp\/v2\/users\/2"}],"replies":[{"embeddable":true,"href":"https:\/\/www.europesays.com\/fr\/wp-json\/wp\/v2\/comments?post=307897"}],"version-history":[{"count":0,"href":"https:\/\/www.europesays.com\/fr\/wp-json\/wp\/v2\/posts\/307897\/revisions"}],"wp:featuredmedia":[{"embeddable":true,"href":"https:\/\/www.europesays.com\/fr\/wp-json\/wp\/v2\/media\/307898"}],"wp:attachment":[{"href":"https:\/\/www.europesays.com\/fr\/wp-json\/wp\/v2\/media?parent=307897"}],"wp:term":[{"taxonomy":"category","embeddable":true,"href":"https:\/\/www.europesays.com\/fr\/wp-json\/wp\/v2\/categories?post=307897"},{"taxonomy":"post_tag","embeddable":true,"href":"https:\/\/www.europesays.com\/fr\/wp-json\/wp\/v2\/tags?post=307897"}],"curies":[{"name":"wp","href":"https:\/\/api.w.org\/{rel}","templated":true}]}}