{"id":307900,"date":"2025-08-09T18:49:32","date_gmt":"2025-08-09T18:49:32","guid":{"rendered":"https:\/\/www.europesays.com\/fr\/307900\/"},"modified":"2025-08-09T18:49:32","modified_gmt":"2025-08-09T18:49:32","slug":"le-lotois-jean-pierre-siutat-president-de-la-ffbb-le-basket-francais-peut-rivaliser-avec-les-plus-grands","status":"publish","type":"post","link":"https:\/\/www.europesays.com\/fr\/307900\/","title":{"rendered":"Le Lotois Jean-Pierre Siutat, pr\u00e9sident de la FFBB\u00a0: \u00ab\u00a0Le basket fran\u00e7ais peut rivaliser avec les plus grands\u00a0\u00bb"},"content":{"rendered":"<p>\n                                                                    l&rsquo;essentiel<br \/>\n                                                                Samedi 5\u00a0octobre, en fin de matin\u00e9e \u00e0 la terrasse du caf\u00e9 situ\u00e9 \u00e0 c\u00f4t\u00e9 de la mairie de Duravel, nous avons rencontr\u00e9 le Lotois Jean-Pierre Siutat, pr\u00e9sident de la F\u00e9d\u00e9ration fran\u00e7aise de basket-ball.\n                            <\/p>\n<p class=\"txt-question\">Notre derni\u00e8re rencontre remonte \u00e0 plus de dix ans\u2026<\/p>\n<p>C\u2019\u00e9tait le 1er\u00a0juin 2013 sur le terrain de basket, place du Foirail, \u00e0 l\u2019occasion du 60e anniversaire du club de Duravel. J\u2019\u00e9tais d\u2019ailleurs accompagn\u00e9 d\u2019Alain Jardel, Cadurcien comme moi-m\u00eame qui, entre autres a \u00e9t\u00e9 entra\u00eeneur de l\u2019\u00e9quipe de France de basket-ball f\u00e9minin de 1997 \u00e0 2006. Tous les deux, nous sommes tr\u00e8s attach\u00e9s \u00e0 la r\u00e9gion et \u00e0 Duravel pour y avoir jou\u00e9 dans notre jeunesse.<\/p>\n<p class=\"txt-question\">Vous \u00eates tr\u00e8s pris par vos obligations. \u00c0 quoi est due votre pr\u00e9sence \u00e0 Duravel\u00a0?<\/p>\n<p>Je devais venir le 14\u00a0septembre, car c\u2019est l\u2019anniversaire de ma m\u00e8re d\u00e9c\u00e9d\u00e9e, et je viens tous les ans au cimeti\u00e8re \u00e0 Puy-l\u2019\u00c9v\u00eaque. Malheureusement le 14\u00a0septembre c\u2019\u00e9tait la grande parade olympique et le pr\u00e9sident de la R\u00e9publique a souhait\u00e9 que je sois pr\u00e9sent. J\u2019ai donc d\u00e9cal\u00e9 ma venue \u00e0 Duravel, avec aussi le plaisir de revoir tous mes amis.<\/p>\n<p class=\"txt-question\">Votre responsabilit\u00e9 vous oblige \u00e0 beaucoup de d\u00e9placements\u00a0?<\/p>\n<p>L\u00e0 je suis entre deux avions, j\u2019arrive de Shanghai en Chine et apr\u00e8s mon passage \u00e0 Duravel, je pars \u00e0 Tarbes o\u00f9 j\u2019ai jou\u00e9\u00a0; ce sont mes derni\u00e8res sorties officielles ensuite je reviendrai comme chaque ann\u00e9e.<\/p>\n<p>\u00ab\u00a0C\u2019est compliqu\u00e9 de relancer la machine apr\u00e8s les JO\u00a0\u00bb<\/p>\n<p class=\"txt-question\">Derni\u00e8re sortie officielle, c\u2019est-\u00e0-dire\u00a0?<\/p>\n<p>Je suis ing\u00e9nieur de formation et en 1996 je deviens responsable de l\u2019organisation du championnat d\u2019Europe junior en France qui fut un grand succ\u00e8s. Je suis \u00e0 la F\u00e9d\u00e9ration de basket-ball depuis 28 ans, dont 14 ans comme pr\u00e9sident, et l\u00e0 c\u2019est un temps plein. En 2020, aux derni\u00e8res \u00e9lections, j\u2019avais annonc\u00e9 que c\u2019\u00e9tait mon dernier mandat parce que c\u2019est compliqu\u00e9 de se remobiliser apr\u00e8s les JO en France pour repartir et relancer la machine.<\/p>\n<p class=\"txt-question\">Le basket fran\u00e7ais a bien \u00e9volu\u00e9\u00a0; vous terminez d\u2019une tr\u00e8s belle mani\u00e8re\u00a0?<\/p>\n<p>Les licenci\u00e9s ont \u00e9t\u00e9 en constante augmentation, cette ann\u00e9e a \u00e9t\u00e9 riche, les jeunes ont remport\u00e9 quatre m\u00e9dailles d\u2019or et une d\u2019argent sur six comp\u00e9titions avec les U16, U18, U20 se rajoutant aux trois m\u00e9dailles d\u2019argent des JO en France. Nous avons montr\u00e9 que, aujourd\u2019hui, nous pouvons rivaliser avec les plus grands.<\/p>\n","protected":false},"excerpt":{"rendered":"l&rsquo;essentiel Samedi 5\u00a0octobre, en fin de matin\u00e9e \u00e0 la terrasse du caf\u00e9 situ\u00e9 \u00e0 c\u00f4t\u00e9 de la mairie&hellip;\n","protected":false},"author":2,"featured_media":307901,"comment_status":"","ping_status":"","sticky":false,"template":"","format":"standard","meta":{"footnotes":""},"categories":[1414],"tags":[1465,1464,1011,27,60],"class_list":{"0":"post-307900","1":"post","2":"type-post","3":"status-publish","4":"format-standard","5":"has-post-thumbnail","7":"category-basket","8":"tag-basket","9":"tag-basketball","10":"tag-fr","11":"tag-france","12":"tag-sports"},"share_on_mastodon":{"url":"https:\/\/pubeurope.com\/@fr\/115000309404271011","error":""},"_links":{"self":[{"href":"https:\/\/www.europesays.com\/fr\/wp-json\/wp\/v2\/posts\/307900","targetHints":{"allow":["GET"]}}],"collection":[{"href":"https:\/\/www.europesays.com\/fr\/wp-json\/wp\/v2\/posts"}],"about":[{"href":"https:\/\/www.europesays.com\/fr\/wp-json\/wp\/v2\/types\/post"}],"author":[{"embeddable":true,"href":"https:\/\/www.europesays.com\/fr\/wp-json\/wp\/v2\/users\/2"}],"replies":[{"embeddable":true,"href":"https:\/\/www.europesays.com\/fr\/wp-json\/wp\/v2\/comments?post=307900"}],"version-history":[{"count":0,"href":"https:\/\/www.europesays.com\/fr\/wp-json\/wp\/v2\/posts\/307900\/revisions"}],"wp:featuredmedia":[{"embeddable":true,"href":"https:\/\/www.europesays.com\/fr\/wp-json\/wp\/v2\/media\/307901"}],"wp:attachment":[{"href":"https:\/\/www.europesays.com\/fr\/wp-json\/wp\/v2\/media?parent=307900"}],"wp:term":[{"taxonomy":"category","embeddable":true,"href":"https:\/\/www.europesays.com\/fr\/wp-json\/wp\/v2\/categories?post=307900"},{"taxonomy":"post_tag","embeddable":true,"href":"https:\/\/www.europesays.com\/fr\/wp-json\/wp\/v2\/tags?post=307900"}],"curies":[{"name":"wp","href":"https:\/\/api.w.org\/{rel}","templated":true}]}}