{"id":307912,"date":"2025-08-09T18:55:14","date_gmt":"2025-08-09T18:55:14","guid":{"rendered":"https:\/\/www.europesays.com\/fr\/307912\/"},"modified":"2025-08-09T18:55:14","modified_gmt":"2025-08-09T18:55:14","slug":"castelnau-de-levis-marie-valignat-des-creations-qui-racontent-une-histoire","status":"publish","type":"post","link":"https:\/\/www.europesays.com\/fr\/307912\/","title":{"rendered":"Castelnau-de-L\u00e9vis. Marie Valignat : des cr\u00e9ations qui racontent une histoire"},"content":{"rendered":"<p>L\u2019id\u00e9e lui est venue, en se promenant, au spectacle des branches abandonn\u00e9es sur le bord des chemins \u00ab\u00a0qu\u2019on ne peut pas laisser mourir.\u00a0\u00bb Un appel de la nature pour Marie Valignat qui d\u00e9cide de mettre en sc\u00e8ne sur fond d\u2019acrylique ces fragments de bois offrant toutes les variations de formes et de dimensions pour offrir sur la toile peinte un rendu unique en 3 D. Car dans ces laiss\u00e9s pour compte, Marie voit plus que du bois mort : des repr\u00e9sentations, telles cette \u00ab\u00a0vieille courb\u00e9e\u00a0\u00bb, ce \u00ab\u00a0couple qui s\u2019enlace\u00a0\u00bb ou cette \u00ab\u00a0for\u00eat embras\u00e9e\u00a0\u00bb qu\u2019elle met en sc\u00e8ne avec une palette de couleurs, de l\u2019obscur au flamboyant, et qui raconte leur histoire. Faut-il chercher l\u2019origine de ce talent dans ses racines r\u00e9unionnaises, m\u00e9lange de traditions et de culture multiraciale, ou dans l\u2019h\u00e9ritage d\u2019un p\u00e8re artiste topiaire dont les cr\u00e9ations passionnaient d\u00e9j\u00e0 la fillette ? Un atavisme dans tous les cas assum\u00e9 par Marie qui cultive dans son \u00ab\u00a0jardin d\u2019amour\u00a0\u00bb un monde peupl\u00e9 d\u2019imaginaire fait d\u2019\u2019interpr\u00e9tations humaines ou animales de bois morts, de galets, de luminions \u00ab\u00a0repr\u00e9sentations des gardiens de ma protection. J\u2019ai besoin de cet environnement rassurant\u00a0\u00bb, confie l\u2019artiste. \u00ab\u00a0Je leur dis : tu veilles ma case et tout va bien.\u00a0\u00bb Son jardin est \u00e0 l\u2019image de cette admiratrice du Douanier Rousseau, riche et chaleureux, un festival de lanternes, de bambous color\u00e9s, enserrant un kiosque qui compl\u00e8te la magie du lieu et invite \u00e0 la f\u00eate ! Pour cette cr\u00e9atrice, par ailleurs largement investie dans le tissu associatif local, il restait \u00e0 d\u00e9couvrir le regard du public sur ses \u0153uvres. Pari gagn\u00e9 avec des avis encourageants \u00e0 sa premi\u00e8re exposition au march\u00e9 des cr\u00e9ateurs, une seconde suivra en septembre \u00e0 la biblioth\u00e8que de Castelnau-de-L\u00e9vis. L\u2019occasion de se remettre au travail pour de nouvelles r\u00e9alisations !<\/p>\n","protected":false},"excerpt":{"rendered":"L\u2019id\u00e9e lui est venue, en se promenant, au spectacle des branches abandonn\u00e9es sur le bord des chemins \u00ab\u00a0qu\u2019on&hellip;\n","protected":false},"author":2,"featured_media":307913,"comment_status":"","ping_status":"","sticky":false,"template":"","format":"standard","meta":{"footnotes":""},"categories":[1358],"tags":[1348,1384,1385,1386,58,59,1011,27],"class_list":{"0":"post-307912","1":"post","2":"type-post","3":"status-publish","4":"format-standard","5":"has-post-thumbnail","7":"category-arts-et-design","8":"tag-arts","9":"tag-arts-and-design","10":"tag-arts-et-design","11":"tag-design","12":"tag-divertissement","13":"tag-entertainment","14":"tag-fr","15":"tag-france"},"share_on_mastodon":{"url":"https:\/\/pubeurope.com\/@fr\/115000333066223299","error":""},"_links":{"self":[{"href":"https:\/\/www.europesays.com\/fr\/wp-json\/wp\/v2\/posts\/307912","targetHints":{"allow":["GET"]}}],"collection":[{"href":"https:\/\/www.europesays.com\/fr\/wp-json\/wp\/v2\/posts"}],"about":[{"href":"https:\/\/www.europesays.com\/fr\/wp-json\/wp\/v2\/types\/post"}],"author":[{"embeddable":true,"href":"https:\/\/www.europesays.com\/fr\/wp-json\/wp\/v2\/users\/2"}],"replies":[{"embeddable":true,"href":"https:\/\/www.europesays.com\/fr\/wp-json\/wp\/v2\/comments?post=307912"}],"version-history":[{"count":0,"href":"https:\/\/www.europesays.com\/fr\/wp-json\/wp\/v2\/posts\/307912\/revisions"}],"wp:featuredmedia":[{"embeddable":true,"href":"https:\/\/www.europesays.com\/fr\/wp-json\/wp\/v2\/media\/307913"}],"wp:attachment":[{"href":"https:\/\/www.europesays.com\/fr\/wp-json\/wp\/v2\/media?parent=307912"}],"wp:term":[{"taxonomy":"category","embeddable":true,"href":"https:\/\/www.europesays.com\/fr\/wp-json\/wp\/v2\/categories?post=307912"},{"taxonomy":"post_tag","embeddable":true,"href":"https:\/\/www.europesays.com\/fr\/wp-json\/wp\/v2\/tags?post=307912"}],"curies":[{"name":"wp","href":"https:\/\/api.w.org\/{rel}","templated":true}]}}