{"id":307918,"date":"2025-08-09T18:58:11","date_gmt":"2025-08-09T18:58:11","guid":{"rendered":"https:\/\/www.europesays.com\/fr\/307918\/"},"modified":"2025-08-09T18:58:11","modified_gmt":"2025-08-09T18:58:11","slug":"mariah-carey-decouvre-quatre-mois-plus-tard-que-katy-perry-sest-rendue-dans-lespace-sa-reaction-devient-virale-ou-est-elle-allee","status":"publish","type":"post","link":"https:\/\/www.europesays.com\/fr\/307918\/","title":{"rendered":"Mariah Carey d\u00e9couvre quatre mois plus tard que Katy Perry s&rsquo;est rendue dans l&rsquo;espace, sa r\u00e9action devient virale\u00a0: \u00ab\u00a0O\u00f9 est-elle all\u00e9e\u00a0?\u00a0\u00bb"},"content":{"rendered":"<p>Mariah Carey ne juge pas<\/p>\n<p class=\"ap-StoryElement ap-StoryElement--mb ap-StoryText\">Invit\u00e9e dans l&rsquo;\u00e9mission \u00ab\u00a0The Scott Mills Breakfast Show\u00a0\u00bb sur Radio 2 de la BBC, l&rsquo;interpr\u00e8te de \u00ab\u00a0All I Want For Christmas Is You\u00a0\u00bb a, en effet, r\u00e9agi de mani\u00e8re surprenante \u00e0 une simple interrogation de l&rsquo;animateur britannique du programme. \u00c0 la question \u00ab\u00a0<b>Aimerais-tu<\/b> <b>aller dans l&rsquo;espace <\/b>?\u00a0\u00bb, faisant clairement r\u00e9f\u00e9rence \u00e0 cette affaire, la diva n&rsquo;a pas cach\u00e9 son \u00e9tonnement face \u00e0 la \u00ab\u00a0nouvelle\u00a0\u00bb. \u00ab\u00a0Elle est all\u00e9e dans l&rsquo;espace ?\u00a0\u00bb, a-t-elle demand\u00e9.<\/p>\n<p><a href=\"https:\/\/www.parismatch.be\/actualites\/people\/2025\/03\/28\/mariah-carey-serait-tres-proche-dun-celebre-rappeur-ca-dure-depuis-quelques-mois-ZPSVHYSOGNDD7MD2HF77QRWS3M\/\" target=\"_blank\" rel=\"noopener noreferrer nofollow\" class=\"ap-StoryInterstitialLink ap-StoryElement ap-StoryElement--mb\">Mariah Carey serait tr\u00e8s proche d&rsquo;un c\u00e9l\u00e8bre rappeur : \u00ab\u00a0\u00c7a dure depuis quelques mois\u00a0\u00bb<\/a><\/p>\n<p class=\"ap-StoryElement ap-StoryElement--mb ap-StoryText\">\u00ab\u00a0O\u00f9 est-elle all\u00e9e ?\u00a0\u00bb, a-t-elle alors continu\u00e9. \u00ab\u00a0Dans l&rsquo;espace\u00a0\u00bb, a alors sobrement r\u00e9pondu l&rsquo;animateur. Visiblement pass\u00e9e \u00e0 c\u00f4t\u00e9 de l&rsquo;information, Mariah Carey n&rsquo;a pas pour autant condamn\u00e9 sa consoeur : \u00ab\u00a0Elle a genre, flott\u00e9 dans les\u2026 [airs]. Et c&rsquo;est vrai ? Wouah\u2026 Tr\u00e8s bien Katy.<b> Je ne suis pas f\u00e2ch\u00e9e<\/b> contre elle. C&rsquo;est plut\u00f4t incroyable\u00a0\u00bb.<\/p>\n","protected":false},"excerpt":{"rendered":"Mariah Carey ne juge pas Invit\u00e9e dans l&rsquo;\u00e9mission \u00ab\u00a0The Scott Mills Breakfast Show\u00a0\u00bb sur Radio 2 de la&hellip;\n","protected":false},"author":2,"featured_media":307919,"comment_status":"","ping_status":"","sticky":false,"template":"","format":"standard","meta":{"footnotes":""},"categories":[1355],"tags":[972,58,59,1011,27,1361,873,973],"class_list":{"0":"post-307918","1":"post","2":"type-post","3":"status-publish","4":"format-standard","5":"has-post-thumbnail","7":"category-musique","8":"tag-celebrite","9":"tag-divertissement","10":"tag-entertainment","11":"tag-fr","12":"tag-france","13":"tag-music","14":"tag-musique","15":"tag-people"},"share_on_mastodon":{"url":"https:\/\/pubeurope.com\/@fr\/115000344844549954","error":""},"_links":{"self":[{"href":"https:\/\/www.europesays.com\/fr\/wp-json\/wp\/v2\/posts\/307918","targetHints":{"allow":["GET"]}}],"collection":[{"href":"https:\/\/www.europesays.com\/fr\/wp-json\/wp\/v2\/posts"}],"about":[{"href":"https:\/\/www.europesays.com\/fr\/wp-json\/wp\/v2\/types\/post"}],"author":[{"embeddable":true,"href":"https:\/\/www.europesays.com\/fr\/wp-json\/wp\/v2\/users\/2"}],"replies":[{"embeddable":true,"href":"https:\/\/www.europesays.com\/fr\/wp-json\/wp\/v2\/comments?post=307918"}],"version-history":[{"count":0,"href":"https:\/\/www.europesays.com\/fr\/wp-json\/wp\/v2\/posts\/307918\/revisions"}],"wp:featuredmedia":[{"embeddable":true,"href":"https:\/\/www.europesays.com\/fr\/wp-json\/wp\/v2\/media\/307919"}],"wp:attachment":[{"href":"https:\/\/www.europesays.com\/fr\/wp-json\/wp\/v2\/media?parent=307918"}],"wp:term":[{"taxonomy":"category","embeddable":true,"href":"https:\/\/www.europesays.com\/fr\/wp-json\/wp\/v2\/categories?post=307918"},{"taxonomy":"post_tag","embeddable":true,"href":"https:\/\/www.europesays.com\/fr\/wp-json\/wp\/v2\/tags?post=307918"}],"curies":[{"name":"wp","href":"https:\/\/api.w.org\/{rel}","templated":true}]}}