{"id":307920,"date":"2025-08-09T19:00:00","date_gmt":"2025-08-09T19:00:00","guid":{"rendered":"https:\/\/www.europesays.com\/fr\/307920\/"},"modified":"2025-08-09T19:00:00","modified_gmt":"2025-08-09T19:00:00","slug":"la-guerre-des-rohirrim-ou-se-situe-le-film-par-rapport-a-la-saga-le-seigneur-des-anneaux","status":"publish","type":"post","link":"https:\/\/www.europesays.com\/fr\/307920\/","title":{"rendered":"LA GUERRE DES ROHIRRIM : o\u00f9 se situe le film par rapport \u00e0 la saga LE SEIGNEUR DES ANNEAUX ?"},"content":{"rendered":"<p>Chlo\u00e9 Valmaryle 8 ao\u00fbt 2025<\/p>\n<p>LA GUERRE DES ROHIRRIM : o\u00f9 se situe le film par rapport \u00e0 la saga LE SEIGNEUR DES ANNEAUX ?LA GUERRE DES ROHIRRIM : o\u00f9 se situe le film par rapport \u00e0 la saga LE SEIGNEUR DES ANNEAUX ?<\/p>\n<p>Sorti en salles \u00e0 No\u00ebl dernier, LE SEIGNEUR DES ANNEAUX &#8211; LA GUERRE DES ROHIRRIM arrive sur CANAL+ ce 8 ao\u00fbt. Ce film d\u2019animation japonais marque le grand retour de la Terre du Milieu sur nos \u00e9crans. R\u00e9alis\u00e9 par Kenji Kamiyama, le long-m\u00e9trage s\u2019inscrit dans l\u2019univers du SEIGNEUR DES ANNEAUX en revenant sur une l\u00e9gende mentionn\u00e9e dans les annexes de Tolkien : celle du roi Helm Hammerhand.<\/p>\n<p><strong><a href=\"https:\/\/www.canalplus.com\/cinema\/le-seigneur-des-anneaux-la-guerre-des-rohirrim-film-animation\/h\/27265953_50001\" rel=\"nofollow noopener\" target=\"_blank\">LE SEIGNEUR DES ANNEAUX &#8211; LA GUERRE DES ROHIRRIM<\/a><\/strong> se d\u00e9roule environ 183 ans avant les \u00e9v\u00e9nements de la trilogie de Peter Jackson. On y suit Helm, roi du Rohan, dans un affrontement \u00e9pique contre les Dunlandais, men\u00e9s par le chef rebelle Wulf. Le film raconte comment Fort-le-Cor, future forteresse du Gouffre de Helm, fut le th\u00e9\u00e2tre d\u2019un si\u00e8ge sanglant qui marqua l\u2019histoire du royaume. Helm y gagne son surnom et scelle son destin tragique.<\/p>\n<p>C\u2019est d\u2019ailleurs cet \u00e9v\u00e9nement fondateur qui donne son titre au film : LA GUERRE DES ROHIRRIM d\u00e9signe le conflit majeur qui oppose le peuple du Rohan \u2013 les c\u00e9l\u00e8bres cavaliers aussi appel\u00e9s Fils d\u2019\u00c9orl \u2013 \u00e0 leurs ennemis, dans un moment d\u00e9cisif de leur l\u00e9gende. En mettant en lumi\u00e8re cette bataille, le film explore les origines du Rohan tel qu\u2019on le conna\u00eet dans LE SEIGNEUR DES ANNEAUX.<\/p>\n<p>Ce si\u00e8ge historique prend un relief particulier pour les fans de la trilogie : il s\u2019agit du m\u00eame lieu que la fameuse bataille du Gouffre de Helm dans <strong><a href=\"https:\/\/www.canalplus.com\/cinema\/le-seigneur-des-anneaux-les-deux-tours\/h\/41367639_50889\" rel=\"nofollow noopener\" target=\"_blank\">LES DEUX TOURS<\/a><\/strong> de Peter Jackson, l\u2019une des s\u00e9quences les plus marquantes de toute la saga. LE SEIGNEUR DES ANNEAUX &#8211; LA GUERRE DES ROHIRRIM offre donc un regard in\u00e9dit sur ce d\u00e9cor culte, en racontant son premier grand affrontement.<\/p>\n<p>Ce r\u00e9cit, peu d\u00e9velopp\u00e9 dans les romans, prend ici une ampleur in\u00e9dite. Le film adopte un style visuel inspir\u00e9 de l\u2019animation japonaise, tout en conservant les codes esth\u00e9tiques \u00e9tablis par Peter Jackson dans sa trilogie. Le r\u00e9sultat est un m\u00e9lange \u00e9tonnant entre fresque guerri\u00e8re et l\u00e9gende fondatrice, avec une ambition visuelle marqu\u00e9e.<\/p>\n<p>M\u00eame si le film se situe loin dans le pass\u00e9, les liens avec l\u2019univers de Jackson sont nombreux. Le design des armures, des d\u00e9cors, des symboles du Rohan rappellent volontairement celui de la trilogie. La narration est assur\u00e9e par \u00c9owyn elle-m\u00eame, doubl\u00e9e par Miranda Otto, qui reprend son r\u00f4le plus de vingt ans apr\u00e8s <strong><a href=\"https:\/\/www.canalplus.com\/cinema\/le-seigneur-des-anneaux-le-retour-du-roi\/h\/41367642_50889\" rel=\"nofollow noopener\" target=\"_blank\">LE RETOUR DU ROI<\/a><\/strong>.<\/p>\n<p>Billy Boyd (Pippin) et Dominic Monaghan (Merry) font \u00e9galement des apparitions vocales surprises dans des r\u00f4les secondaires. Ils ne reprennent pas leurs personnages d&rsquo;origine, mais leur pr\u00e9sence apporte une touche de familiarit\u00e9 suppl\u00e9mentaire \u00e0 l\u2019univers. Un enregistrement d\u2019archives de Christopher Lee a aussi \u00e9t\u00e9 utilis\u00e9 pour faire entendre une ligne de dialogue de Saruman dans la version originale.<\/p>\n<p>Ces retours renforcent la continuit\u00e9 avec l\u2019univers install\u00e9 par Peter Jackson et \u00e7a n&rsquo;est pas tout. \u00c0 la production, on retrouve Philippa Boyens, co-sc\u00e9nariste des films de Jackson, qui assure ici une certaine coh\u00e9rence narrative. La musique est sign\u00e9e Stephen Gallagher, d\u00e9j\u00e0 pr\u00e9sent sur <strong><a href=\"https:\/\/www.canalplus.com\/cinema\/le-hobbit-la-desolation-de-smaug\/h\/41367635_50889\" rel=\"nofollow noopener\" target=\"_blank\">LE HOBBIT : LA D\u00c9SOLATION DE SMAUG<\/a><\/strong>.<\/p>\n<p>Finalement, LA GUERRE DES ROHIRRIM est un pr\u00e9quel qui offre un regard nouveau sur un pan m\u00e9connu de la Terre du Milieu, tout en s\u2019adressant autant aux fans de longue date qu\u2019aux curieux.<\/p>\n<p>Aucune suite directe n\u2019a pour l\u2019instant \u00e9t\u00e9 annonc\u00e9e, mais LA GUERRE DES ROHIRRIM s\u2019inscrit dans une strat\u00e9gie plus large de reconqu\u00eate de la franchise au cin\u00e9ma. Warner Bros. et New Line pr\u00e9parent notamment un nouveau long-m\u00e9trage centr\u00e9 sur Gollum, provisoirement intitul\u00e9 THE LORD OF THE RINGS : THE HUNT FOR GOLLUM. Pr\u00e9vu pour 2026, ce projet sera r\u00e9alis\u00e9 par Andy Serkis, qui retrouvera son personnage culte, et produit par Peter Jackson<\/p>\n<p>Ce nouveau chapitre confirme la volont\u00e9 des studios de replonger dans l\u2019univers tel qu\u2019il avait \u00e9t\u00e9 fa\u00e7onn\u00e9 au d\u00e9but des ann\u00e9es 2000, et pourrait ouvrir la voie \u00e0 d\u2019autres r\u00e9cits in\u00e9dits autour de la Terre du Milieu.<\/p>\n","protected":false},"excerpt":{"rendered":"Chlo\u00e9 Valmaryle 8 ao\u00fbt 2025 LA GUERRE DES ROHIRRIM : o\u00f9 se situe le film par rapport \u00e0&hellip;\n","protected":false},"author":2,"featured_media":307921,"comment_status":"","ping_status":"","sticky":false,"template":"","format":"standard","meta":{"footnotes":""},"categories":[1354],"tags":[58,59,1346,1011,27,1360],"class_list":{"0":"post-307920","1":"post","2":"type-post","3":"status-publish","4":"format-standard","5":"has-post-thumbnail","7":"category-films","8":"tag-divertissement","9":"tag-entertainment","10":"tag-films","11":"tag-fr","12":"tag-france","13":"tag-movies"},"share_on_mastodon":{"url":"https:\/\/pubeurope.com\/@fr\/115000352714514916","error":""},"_links":{"self":[{"href":"https:\/\/www.europesays.com\/fr\/wp-json\/wp\/v2\/posts\/307920","targetHints":{"allow":["GET"]}}],"collection":[{"href":"https:\/\/www.europesays.com\/fr\/wp-json\/wp\/v2\/posts"}],"about":[{"href":"https:\/\/www.europesays.com\/fr\/wp-json\/wp\/v2\/types\/post"}],"author":[{"embeddable":true,"href":"https:\/\/www.europesays.com\/fr\/wp-json\/wp\/v2\/users\/2"}],"replies":[{"embeddable":true,"href":"https:\/\/www.europesays.com\/fr\/wp-json\/wp\/v2\/comments?post=307920"}],"version-history":[{"count":0,"href":"https:\/\/www.europesays.com\/fr\/wp-json\/wp\/v2\/posts\/307920\/revisions"}],"wp:featuredmedia":[{"embeddable":true,"href":"https:\/\/www.europesays.com\/fr\/wp-json\/wp\/v2\/media\/307921"}],"wp:attachment":[{"href":"https:\/\/www.europesays.com\/fr\/wp-json\/wp\/v2\/media?parent=307920"}],"wp:term":[{"taxonomy":"category","embeddable":true,"href":"https:\/\/www.europesays.com\/fr\/wp-json\/wp\/v2\/categories?post=307920"},{"taxonomy":"post_tag","embeddable":true,"href":"https:\/\/www.europesays.com\/fr\/wp-json\/wp\/v2\/tags?post=307920"}],"curies":[{"name":"wp","href":"https:\/\/api.w.org\/{rel}","templated":true}]}}