{"id":307926,"date":"2025-08-09T19:03:16","date_gmt":"2025-08-09T19:03:16","guid":{"rendered":"https:\/\/www.europesays.com\/fr\/307926\/"},"modified":"2025-08-09T19:03:16","modified_gmt":"2025-08-09T19:03:16","slug":"vincent-cassel-son-fils-caetano-a-bien-grandi-sa-cherie-narah-baptista-devoile-un-cliche-craquant","status":"publish","type":"post","link":"https:\/\/www.europesays.com\/fr\/307926\/","title":{"rendered":"Vincent Cassel : son fils Caetano a bien grandi, sa ch\u00e9rie Narah Baptista d\u00e9voile un clich\u00e9 craquant"},"content":{"rendered":"<p>\u00c0 huit mois, le <a href=\"https:\/\/www.closermag.fr\/people\/narah-baptista-la-compagne-de-vincent-cassel-publie-de-premiers-cliches-touchants-de-leur-nouveau-ne-caetano-3509174\" target=\"_blank\" rel=\"noopener\"><br \/>\npetit Caetano<\/a> fait fondre les c\u0153urs. La compagne de l&rsquo;acteur<br \/>\nfran\u00e7ais a partag\u00e9 un instant privil\u00e9gi\u00e9 avec son fils dans sa<br \/>\nstory Instagram, r\u00e9v\u00e9lant les progr\u00e8s impressionnants du nourrisson<br \/>\nqui tente d\u00e9j\u00e0 de se redresser.<\/p>\n<p>Un b\u00e9b\u00e9 qui grandit \u00e0 vue d&rsquo;\u0153il<\/p>\n<p>Le vendredi 8 ao\u00fbt, Narah Baptista a \u00e9mu ses abonn\u00e9s en publiant<br \/>\nune image attendrissante. Sur ce clich\u00e9 pris dans le jardin d&rsquo;une<br \/>\nsplendide propri\u00e9t\u00e9, on d\u00e9couvre la <a href=\"https:\/\/www.closermag.fr\/people\/vincent-cassel-papa-a-54-ans-sa-compagne-brisee-apres-la-naissance-de-leur-fils-son-difficile-post-partum-3510236\" target=\"_blank\" rel=\"noopener\"><br \/>\njeune femme de 29 ans<\/a> en tenue d\u00e9contract\u00e9e, une serviette<br \/>\nnou\u00e9e sur les cheveux. \u00c0 ses c\u00f4t\u00e9s, son petit Caetano fait preuve<br \/>\nd&rsquo;une remarquable vivacit\u00e9 en essayant de se hisser vers elle.<\/p>\n<p>Cette publication s&rsquo;accompagne d&rsquo;une m\u00e9lodie br\u00e9silienne sign\u00e9e<br \/>\nTribalistas, le morceau \u00ab\u00a0Velha inf\u00e2ncia\u00a0\u00bb. Le mannequin br\u00e9silien a<br \/>\nd&rsquo;ailleurs repris un passage des paroles : \u00ab\u00a0Mon meilleur ami, c&rsquo;est<br \/>\nmon amour\u00a0\u00bb, exprim\u00e9 dans sa langue maternelle. Cette d\u00e9claration<br \/>\nd&rsquo;amour maternel illustre parfaitement l&rsquo;intensit\u00e9 du lien qui unit<br \/>\nla m\u00e8re et l&rsquo;enfant.<\/p>\n<p>L&rsquo;\u00e9panouissement d&rsquo;une jeune maman<\/p>\n<p>Depuis la naissance de Caetano le 7 janvier dernier, <a href=\"https:\/\/www.closermag.fr\/people\/vincent-cassel-et-narah-baptista-en-pleine-turbulence-larrivee-du-petit-caetano-ne-sest-pas-faite-sans-accrocs-3513945\" target=\"_blank\" rel=\"noopener\"><br \/>\nNarah Baptista<\/a> ne cache pas son bonheur immense. Une semaine<br \/>\napr\u00e8s l&rsquo;accouchement, elle avait d\u00e9j\u00e0 exprim\u00e9 sa gratitude sur les<br \/>\nr\u00e9seaux sociaux. \u00ab\u00a0Merci, mon fils, merci d&rsquo;avoir choisi<br \/>\nmaman\u00a0\u00bb, avait-elle \u00e9crit. \u00ab\u00a0Cet amour ne rentre pas en moi. Je<br \/>\nd\u00e9borde. Je pleure, je pleure, je pleure. Mais c&rsquo;est de l&rsquo;amour pur<br \/>\n! Il y a exactement une semaine, tu es n\u00e9, et je suis n\u00e9 de<br \/>\nnouveau.\u00a0\u00bb<\/p>\n<p>Cette transformation personnelle trouve \u00e9cho dans les<br \/>\nconfidences r\u00e9centes de son compagnon. En avril dernier, <a href=\"https:\/\/www.closermag.fr\/people\/vincent-cassel-metamorphose-a-quoi-ressemblait-il-a-ses-debuts-au-cinema-3531444\" target=\"_blank\" rel=\"noopener\"><br \/>\nla star de \u00ab\u00a0La Haine\u00a0\u00bb<\/a> s&rsquo;\u00e9tait confi\u00e9 sur le plateau de \u00ab\u00a0Clique\u00a0\u00bb<br \/>\nface \u00e0 Mouloud Achour. \u00ab\u00a0Plus le temps passe, et moins tu ne<br \/>\nmets plus de l&rsquo;importance l\u00e0 o\u00f9 il n&rsquo;en faut pas\u00a0\u00bb, avait<br \/>\nd\u00e9clar\u00e9 Vincent Cassel. \u00ab\u00a0\u00c7a lib\u00e8re pas mal l&rsquo;espace&#8230; Et puis, la<br \/>\nnouvelle paternit\u00e9. Un nouvel amour. Un futur. Tout \u00e7a. Moi, j&rsquo;ai<br \/>\nbeaucoup, beaucoup de gratitude, depuis des ann\u00e9es.\u00a0\u00bb<\/p>\n<p><a href=\"https:\/\/www.closermag.fr\/wp-content\/uploads\/closermag\/2025\/08\/vincent-cassel.png\" target=\"_blank\" rel=\"noopener\"><br \/>\n<img loading=\"lazy\" decoding=\"async\" itemprop=\"thumbnailUrl\" class=\"aligncenter size-large wp-image-3570155 img-responsive\" src=\"https:\/\/www.europesays.com\/fr\/wp-content\/uploads\/2025\/08\/vincent-cassel-613x1024.png\" alt=\"Narah Baptista et Caetano son fils\" width=\"613\" height=\"1024\"\/><\/a> \u00a9 Instagram<\/p>\n<p>Papa de quatre enfants, une exp\u00e9rience<br \/>\nrenouvel\u00e9e<\/p>\n<p><a href=\"https:\/\/www.closermag.fr\/people\/vincent-cassel-papa-pour-la-quatrieme-fois-a-58-ans-ses-premieres-confidences-sur-son-fils-caetano-3533642\" target=\"_blank\" rel=\"noopener\"><br \/>\nL&rsquo;interpr\u00e8te de 58 ans<\/a> d\u00e9couvre pour la premi\u00e8re fois la<br \/>\npaternit\u00e9 avec un gar\u00e7on, lui qui est d\u00e9j\u00e0 p\u00e8re de trois filles :<br \/>\nDeva, L\u00e9onie et Amazonie. Dans l&rsquo;\u00e9mission de Canal+, il avait livr\u00e9<br \/>\nsa philosophie sur ce nouveau r\u00f4le. \u00ab\u00a0Chaque enfant est diff\u00e9rent\u00a0\u00bb,<br \/>\nexpliquait-il. \u00ab\u00a0Le moment o\u00f9 tu les prends dans les bras, la<br \/>\npremi\u00e8re fois, tu te rends bien compte que ce n&rsquo;est pas la m\u00eame<br \/>\npersonne. Et ce que tu as pu apprendre avec le pr\u00e9c\u00e9dent,<br \/>\npratiquement, ne sert \u00e0 rien. On fait comme on peut \u00e0 chaque<br \/>\nfois.\u00a0\u00bb<\/p>\n<p>Concernant l&rsquo;arriv\u00e9e d&rsquo;un fils apr\u00e8s trois filles, l&rsquo;acteur<br \/>\ngarde les pieds sur terre. \u00ab\u00a0Les gens me disent &lsquo;Tu dois \u00eatre<br \/>\ntellement content d&rsquo;avoir un gar\u00e7on&rsquo;. Moi, je suis content d&rsquo;avoir<br \/>\nun enfant avec deux bras, deux jambes, dix doigts et en pleine<br \/>\nforme. \u00c7a commence comme \u00e7a. Gar\u00e7on, fille&#8230; On verra plus<br \/>\ntard\u00a0\u00bb, confiait-il. \u00ab\u00a0Je voulais des enfants, j&rsquo;en ai fait, je<br \/>\nsuis tr\u00e8s heureux. C&rsquo;est la plus belle chose que j&rsquo;ai faite.\u00a0\u00bb<\/p>\n","protected":false},"excerpt":{"rendered":"\u00c0 huit mois, le petit Caetano fait fondre les c\u0153urs. La compagne de l&rsquo;acteur fran\u00e7ais a partag\u00e9 un&hellip;\n","protected":false},"author":2,"featured_media":307927,"comment_status":"","ping_status":"","sticky":false,"template":"","format":"standard","meta":{"footnotes":""},"categories":[8],"tags":[548,58,59,1011,27,6215],"class_list":{"0":"post-307926","1":"post","2":"type-post","3":"status-publish","4":"format-standard","5":"has-post-thumbnail","7":"category-divertissement","8":"tag-article-simple","9":"tag-divertissement","10":"tag-entertainment","11":"tag-fr","12":"tag-france","13":"tag-vincent-cassel"},"share_on_mastodon":{"url":"https:\/\/pubeurope.com\/@fr\/115000364536602205","error":""},"_links":{"self":[{"href":"https:\/\/www.europesays.com\/fr\/wp-json\/wp\/v2\/posts\/307926","targetHints":{"allow":["GET"]}}],"collection":[{"href":"https:\/\/www.europesays.com\/fr\/wp-json\/wp\/v2\/posts"}],"about":[{"href":"https:\/\/www.europesays.com\/fr\/wp-json\/wp\/v2\/types\/post"}],"author":[{"embeddable":true,"href":"https:\/\/www.europesays.com\/fr\/wp-json\/wp\/v2\/users\/2"}],"replies":[{"embeddable":true,"href":"https:\/\/www.europesays.com\/fr\/wp-json\/wp\/v2\/comments?post=307926"}],"version-history":[{"count":0,"href":"https:\/\/www.europesays.com\/fr\/wp-json\/wp\/v2\/posts\/307926\/revisions"}],"wp:featuredmedia":[{"embeddable":true,"href":"https:\/\/www.europesays.com\/fr\/wp-json\/wp\/v2\/media\/307927"}],"wp:attachment":[{"href":"https:\/\/www.europesays.com\/fr\/wp-json\/wp\/v2\/media?parent=307926"}],"wp:term":[{"taxonomy":"category","embeddable":true,"href":"https:\/\/www.europesays.com\/fr\/wp-json\/wp\/v2\/categories?post=307926"},{"taxonomy":"post_tag","embeddable":true,"href":"https:\/\/www.europesays.com\/fr\/wp-json\/wp\/v2\/tags?post=307926"}],"curies":[{"name":"wp","href":"https:\/\/api.w.org\/{rel}","templated":true}]}}