{"id":307938,"date":"2025-08-09T19:10:19","date_gmt":"2025-08-09T19:10:19","guid":{"rendered":"https:\/\/www.europesays.com\/fr\/307938\/"},"modified":"2025-08-09T19:10:19","modified_gmt":"2025-08-09T19:10:19","slug":"la-foire-de-saint-etienne-booste-leconomie-locale","status":"publish","type":"post","link":"https:\/\/www.europesays.com\/fr\/307938\/","title":{"rendered":"LA FOIRE DE SAINT-\u00c9TIENNE BOOSTE L&rsquo;\u00c9CONOMIE LOCALE"},"content":{"rendered":"<p>                <a href=\"https:\/\/cadenceradio.fr\" target=\"_blank\" aria-label=\"Banni\u00e8re Cadence 2025\" rel=\"nofollow noopener\"><img loading=\"lazy\" decoding=\"async\" src=\"https:\/\/www.europesays.com\/fr\/wp-content\/uploads\/2025\/07\/Banniere-Cadence-2025-scaled.jpg\" alt=\"\"   width=\"2560\" height=\"738\"\/><\/a><\/p>\n<p>Cette \u00e9dition 2025 affiche fi\u00e8rement son ADN territorial avec une participation massive des acteurs \u00e9conomiques locaux : plus de la moiti\u00e9 des 250 exposants proviennent du d\u00e9partement de la Loire, tandis que les trois quarts sont implant\u00e9s en Auvergne-Rh\u00f4ne-Alpes. Un ancrage r\u00e9gional qui transforme l\u2019\u00e9v\u00e9nement en v\u00e9ritable vitrine du dynamisme entrepreneurial local.<\/p>\n<p>Quatre univers pour s\u00e9duire tous les publics<\/p>\n<p>Les visiteurs pourront naviguer entre diff\u00e9rents p\u00f4les th\u00e9matiques soigneusement orchestr\u00e9s. L\u2019espace Habitat &amp; Jardin c\u00f4toiera le Village du Savoir-Faire, v\u00e9ritable \u00e9crin pour les artisans du territoire. Le secteur Tourisme\/Sport\/Loisirs proposera ses d\u00e9couvertes tandis qu\u2019une nouveaut\u00e9 fait son apparition : un p\u00f4le enti\u00e8rement consacr\u00e9 \u00e0 la mode, la beaut\u00e9 et le bien-\u00eatre. Cette diversification permet aux entreprises de toucher des publics vari\u00e9s et de tester leurs innovations aupr\u00e8s d\u2019une client\u00e8le \u00e9largie.<\/p>\n<p>Au-del\u00e0 de l\u2019aspect grand public, l\u2019\u00e9v\u00e9nement se positionne comme un hub d\u2019affaires strat\u00e9gique. Des espaces modulables peuvent \u00eatre privatis\u00e9s pour accueillir s\u00e9minaires, cocktails d\u2019entreprise ou r\u00e9unions commerciales. Ces infrastructures permettent aux professionnels de mixer d\u00e9tente et networking dans une ambiance conviviale, favorisant les partenariats et les \u00e9changes commerciaux entre acteurs du territoire st\u00e9phanois et au-del\u00e0.<\/p>\n<p>La gastronomie r\u00e9gionale fait saliver les papilles<\/p>\n<p>Les gourmands ne seront pas en reste avec une Halle Gourmande aux dimensions tripl\u00e9es par rapport aux \u00e9ditions pr\u00e9c\u00e9dentes. S\u2019y ajoute un espace Guinguette flambant neuf o\u00f9 producteurs locaux, ma\u00eetres fromagers, brasseurs artisanaux et vignerons pourront faire d\u00e9guster leurs cr\u00e9ations. Ces espaces de d\u00e9gustation offrent aux professionnels des m\u00e9tiers de bouche une sc\u00e8ne privil\u00e9gi\u00e9e pour mettre en valeur leurs produits et conqu\u00e9rir de nouveaux march\u00e9s.<\/p>\n<p>L\u2019Irlande s\u2019invite en grande pompe<\/p>\n<p>Point d\u2019orgue de cette \u00e9dition : une exposition immersive g\u00e9ante de 1 000 m\u00b2 transportera les visiteurs au pays des leprechauns et des tr\u00e8fles \u00e0 quatre feuilles. Entre mythologie celtique, ambiances fantastiques et performances musicales traditionnelles, cette sc\u00e9nographie ambitieuse promet de cr\u00e9er le buzz. Un coup de projecteur culturel qui renforce l\u2019attractivit\u00e9 touristique de Saint-\u00c9tienne tout en offrant aux exposants un flux de visiteurs curieux et enthousiastes.<\/p>\n<p>Les chiffres parlent d\u2019eux-m\u00eames : avec 51% d\u2019exposants lig\u00e9riens, la Foire assume pleinement son r\u00f4le de locomotive \u00e9conomique territoriale. Elle offre aux entreprises r\u00e9gionales une plateforme unique pour d\u00e9velopper leur notori\u00e9t\u00e9, \u00e9largir leur client\u00e8le et concr\u00e9tiser des opportunit\u00e9s commerciales. Entre espaces d\u2019exposition, zones de networking et animations grand public, l\u2019\u00e9v\u00e9nement confirme sa position de rendez-vous business incontournable de la rentr\u00e9e st\u00e9phanoise.<\/p>\n","protected":false},"excerpt":{"rendered":"Cette \u00e9dition 2025 affiche fi\u00e8rement son ADN territorial avec une participation massive des acteurs \u00e9conomiques locaux : plus&hellip;\n","protected":false},"author":2,"featured_media":307939,"comment_status":"","ping_status":"","sticky":false,"template":"","format":"standard","meta":{"footnotes":""},"categories":[9653],"tags":[1111,11,2430,33,1777,674,1011,27,3367,12,25,4001],"class_list":{"0":"post-307938","1":"post","2":"type-post","3":"status-publish","4":"format-standard","5":"has-post-thumbnail","7":"category-saint-etienne","8":"tag-actu","9":"tag-actualites","10":"tag-auvergne-rhone-alpes","11":"tag-economie","12":"tag-eu","13":"tag-europe","14":"tag-fr","15":"tag-france","16":"tag-loire","17":"tag-news","18":"tag-republique-francaise","19":"tag-saint-etienne"},"share_on_mastodon":{"url":"https:\/\/pubeurope.com\/@fr\/115000392044592670","error":""},"_links":{"self":[{"href":"https:\/\/www.europesays.com\/fr\/wp-json\/wp\/v2\/posts\/307938","targetHints":{"allow":["GET"]}}],"collection":[{"href":"https:\/\/www.europesays.com\/fr\/wp-json\/wp\/v2\/posts"}],"about":[{"href":"https:\/\/www.europesays.com\/fr\/wp-json\/wp\/v2\/types\/post"}],"author":[{"embeddable":true,"href":"https:\/\/www.europesays.com\/fr\/wp-json\/wp\/v2\/users\/2"}],"replies":[{"embeddable":true,"href":"https:\/\/www.europesays.com\/fr\/wp-json\/wp\/v2\/comments?post=307938"}],"version-history":[{"count":0,"href":"https:\/\/www.europesays.com\/fr\/wp-json\/wp\/v2\/posts\/307938\/revisions"}],"wp:featuredmedia":[{"embeddable":true,"href":"https:\/\/www.europesays.com\/fr\/wp-json\/wp\/v2\/media\/307939"}],"wp:attachment":[{"href":"https:\/\/www.europesays.com\/fr\/wp-json\/wp\/v2\/media?parent=307938"}],"wp:term":[{"taxonomy":"category","embeddable":true,"href":"https:\/\/www.europesays.com\/fr\/wp-json\/wp\/v2\/categories?post=307938"},{"taxonomy":"post_tag","embeddable":true,"href":"https:\/\/www.europesays.com\/fr\/wp-json\/wp\/v2\/tags?post=307938"}],"curies":[{"name":"wp","href":"https:\/\/api.w.org\/{rel}","templated":true}]}}