{"id":307947,"date":"2025-08-09T19:23:49","date_gmt":"2025-08-09T19:23:49","guid":{"rendered":"https:\/\/www.europesays.com\/fr\/307947\/"},"modified":"2025-08-09T19:23:49","modified_gmt":"2025-08-09T19:23:49","slug":"des-leurres-pour-desenclaver-l-ruffin","status":"publish","type":"post","link":"https:\/\/www.europesays.com\/fr\/307947\/","title":{"rendered":"DES LEURRES POUR DESENCLAVER L.RUFFIN"},"content":{"rendered":"<p>Posted On 9 ao\u00fbt 2025 <\/p>\n<p style=\"text-align: justify;\">Tout \u00e0 coup au coeur de l&rsquo;\u00e9t\u00e9, <a href=\"https:\/\/grenoble-le-changement.fr\/raymond-avrillier-le-tartuffe-rouge-verts-bouge-encore\/\" target=\"_blank\" rel=\"noopener\">Raymond Avrillier, le parrain de la municipalit\u00e9<\/a> sort de la naphtaline chaude pour s&rsquo;attaquer \u00e0 &#8230; Rachida Dati. Avoir effectu\u00e9 un \u00ab\u00a0signalement au Procureur\u00a0\u00bb pour \u00ab\u00a0outrage \u00e0 magistrat\u00a0\u00bb lui vaut un article et l&rsquo;appellation de \u00ab\u00a0militant anti-corruption\u00a0\u00bb (!). L&rsquo;ex Mao\u00efste au service de la frange dure de l&rsquo;extr\u00eame gauche se voit d\u00e9guis\u00e9 \u00e0 nouveau pour l&rsquo;occasion. On oublie toujours au service de qui et de quoi il est en action, <a target=\"_blank\" href=\"https:\/\/www.placegrenet.fr\/2025\/08\/05\/rachida-dati-dans-le-viseur-de-lex-elu-et-militant-anticorruption-grenoblois-raymond-avrillier-pour-outrage-a-magistrat\/657285\" rel=\"noopener\">m\u00eame si Place Gre&rsquo;Net qui le qualifie de \u00ab\u00a0lanceur d&rsquo;alerte\u00a0\u00bb alors qu&rsquo;il ne voit que Rouge, <\/a>rel\u00e8ve tout de m\u00eame que \u00ab\u00a0ce militant de gauche s\u2019est montr\u00e9 toujours tr\u00e8s <a href=\"https:\/\/grenoble-le-changement.fr\/2024\/07\/28\/affaires-e-piolle-e-martin-r-avrillier-et-anticor-aux-abonnes-absents\/\" target=\"_blank\" rel=\"noopener\">discret concernant les affaires grenobloise<\/a>s, comme celle de\u00a0 la f\u00eate des Tuiles et le pr\u00e9sum\u00e9 d\u00e9lit de concussion d&rsquo;Eric Piolle et Elisa Martin\u00a0\u00bb.<\/p>\n<p style=\"text-align: justify;\">On peut donc \u00eatre \u00ab\u00a0militant anti-corruption\u00a0\u00bb borgne. La gauche n&rsquo;est jamais vis\u00e9e par ce \u00ab\u00a0militantisme\u00a0\u00bb h\u00e9mipl\u00e9gique <a href=\"https:\/\/grenoble-le-changement.fr\/2023\/09\/20\/anticor-et-la-demission-de-piolle-une-histoire-grenobloise\/\" target=\"_blank\" rel=\"noopener\">de type Anticor.<\/a> Mais alors qu&rsquo;elle la l\u00e9gitimit\u00e9 de ces faux militants ?\u00a0<\/p>\n<p><img decoding=\"async\" data-id=\"67815\" src=\"https:\/\/i0.wp.com\/grenoble-le-changement.fr\/wp-content\/uploads\/2023\/09\/Banque-Piolle-BNP-Avrillier-.jpg?w=678&amp;ssl=1\" alt=\"\" class=\"wp-image-67815 jetpack-lazy-image\" data-recalc-dims=\"1\" data-lazy-src=\"https:\/\/www.europesays.com\/fr\/wp-content\/uploads\/2025\/08\/Banque-Piolle-BNP-Avrillier-.jpg\" \/><\/p>\n<p><img decoding=\"async\" data-id=\"54754\" src=\"https:\/\/i1.wp.com\/grenoble-le-changement.fr\/wp-content\/uploads\/2022\/09\/Piollegrandfilsmongaburu-coutaz-elisa-martin.jpg?w=678&amp;ssl=1\" alt=\"\" class=\"wp-image-54754 jetpack-lazy-image\" data-recalc-dims=\"1\" data-lazy-src=\"https:\/\/www.europesays.com\/fr\/wp-content\/uploads\/2025\/08\/Piollegrandfilsmongaburu-coutaz-elisa-martin.jpg\" \/><br \/>\nAvrillier avec Piolle et Elisa Martin pour inaugurer une rue BNPParibas pour protester contre \u00ab\u00a0l&#8217;emprise des banques\u00a0\u00bb avec un maire <a href=\"https:\/\/grenoble-le-changement.fr\/4524-2\/\" target=\"_blank\" rel=\"noopener\">actionnaire \u00e0 Singapour <\/a>qui leur <a href=\"https:\/\/grenoble-le-changement.fr\/2021\/04\/21\/piolle-a-singapour-nouvelles-revelations-de-marianne\/\" target=\"_blank\" rel=\"noopener\">vend des logiciels de s\u00e9curisation financi\u00e8re <\/a>et (\u00e0 droite) Me Claude Coutaz, dans un \u00e9tonnant conflit d&rsquo;int\u00e9r\u00eat aux c\u00f4t\u00e9s du Procureur Adjoint Rapha\u00ebl Grandfils en campagne avec lui, puis \u00e9lu charg\u00e9 des \u00e9trangers en situation irr\u00e9guli\u00e8re, principale activit\u00e9 de son cabinet d&rsquo;avocat &#8230;<\/p>\n<p><strong>C. COUTAZ (Verts-Ades) DISQUALIFI\u00c9 APR\u00c8S SES PROPOS SUR MUNICH<\/strong><\/p>\n<p style=\"text-align: justify;\"><a href=\"https:\/\/grenoble-le-changement.fr\/testimonial\/c-coutaz-vertspg-macron-veran-cest-le-fn\/\" target=\"_blank\" rel=\"noopener\">Claude Coutaz<\/a> sort \u00e9galement du bois (DL du 8\/8\/25) avec une pr\u00e9sentation extr\u00eamement avantageuse sur une page, aucune de <a href=\"https:\/\/grenoble-le-changement.fr\/testimonial\/c-coutaz-verts-pg-premier-prix-des-odeurs-fetides\/\" target=\"_blank\" rel=\"noopener\">ses positions, engagements, politiques extr\u00eames<\/a> n&rsquo;\u00e9tant rappel\u00e9s par Jean-Benoit Vigny pourtant attentif \u00e0 <a href=\"https:\/\/grenoble-le-changement.fr\/2025\/08\/06\/qui-se-cache-derriere-les-collectifs-pour-la-gratuite-et-les-autres\/\" target=\"_blank\" rel=\"noopener\">la recherche du dessous des cartes<\/a> s&rsquo;agissant des opposants \u00e0 la municipalit\u00e9.\u00a0<\/p>\n<p style=\"text-align: justify;\">On se souvient encore de l&rsquo;\u00e9coeurante r\u00e9action de <a href=\"https:\/\/grenoble-le-changement.fr\/testimonial\/c-coutaz-vertspg-macron-veran-cest-le-fn\/\" target=\"_blank\" rel=\"noopener\">Claude Coutaz apr\u00e8s la fusillade de Munich<\/a> qui avait fait 9 morts dont 7 enfants et 16 bless\u00e9s : \u00ab\u00a0emmener ses enfants aux Mc Do c&rsquo;est criminel. Le toboggan et la facilit\u00e9 ne sont pas des circonstances att\u00e9nuantes\u00a0\u00bb. Des propos de ce type devraient disqualifier durablement son auteur s&rsquo;affichant tout compassion et solidarit\u00e9&#8230; Il \u00e9tait aussi aux c\u00f4t\u00e9s de Edwy Plenel, Avrillier et Piolle lors de la manifestation <a href=\"https:\/\/grenoble-le-changement.fr\/2017\/12\/02\/e-plenel-a-grenoble-aujourdhui-une-provocation\/\" target=\"_blank\" rel=\"noopener\">contre l&rsquo;\u00e9tat d&rsquo;urgence organis\u00e9e apr\u00e8s les attentats du Bataclan. \u00c9coeurant.\u00a0<\/a><\/p>\n<p style=\"text-align: justify;\"><strong>AVOCAT SP\u00c9CIALIS\u00c9 DANS LA D\u00c9FENSE DES IRR\u00c9GULIERS<\/strong><\/p>\n<p style=\"text-align: justify;\">Cet \u00e9l\u00e9ment des Verts\/Ades, avocat sp\u00e9cialis\u00e9 dans la d\u00e9fense des migrants en situation irr\u00e9guli\u00e8re qui est le fonds de commerce de son cabinet &#8211; le travail ne manque pas \u00e0 Grenoble, les appels d&rsquo;air de la municipalit\u00e9 pouvant remplir son cabinet &#8211; a \u00e9t\u00e9 membre de la majorit\u00e9 municipale jusqu&rsquo;en 2020. Il \u00e9tait charg\u00e9 &#8230; des immigr\u00e9s en situation irr\u00e9guli\u00e8re. <a href=\"https:\/\/grenoble-le-changement.fr\/2016\/11\/13\/c-coutaz-ext-gauche-grenoble-la-ville-des-droits-sans-devoirs\/\" target=\"_blank\" rel=\"noopener\">Comme \u00e9lu il pouvait peut-\u00eatre croiser ses clients ?<\/a> Est-cet \u00e9ventuel conflit d&rsquo;int\u00e9r\u00eat trop voyant qui a conduit \u00e0 l&rsquo;exfiltrer pour le second mandat ? \u00c7a n&#8217;emp\u00eache pas de rendre service autrement.\u00a0<\/p>\n<p style=\"text-align: justify;\"><strong>IL A FAIT CONDAMNER L&rsquo;\u00c9TAT \u00c0 PAYER 30 000 \u20ac AUX MIGRANTS<\/strong><\/p>\n<p style=\"text-align: justify;\">Il \u00e9crit au &#8230; Pr\u00e9sident de la R\u00e9publique et au Ministre de l&rsquo;Int\u00e9rieur pour protester contre Catherine Seguin, la Pr\u00e9f\u00e8te de l&rsquo;Is\u00e8re qui ne respecterait pas les droits des migrants apr\u00e8s les condamnations prononc\u00e9es par le Tribunal Administratif. Il a m\u00eame le culot de lancer \u00ab j\u2019esp\u00e8re que ce n\u2019est pas une d\u00e9cision politique qui nous am\u00e8ne l\u00e0, mais enfin, \u00e7a y ressemble quand m\u00eame beaucoup. \u00bb Car lui n&rsquo;en fait pas.\u00a0<\/p>\n<p style=\"text-align: justify;\">Pr\u00e9cisant que \u00ab pour le seul mois de juin 2025, la pr\u00e9fecture est condamn\u00e9e \u00e0 verser 30 000 euros \u00e0 mes clients\u00bb somme qui serait non pay\u00e9e. Cela pourrait avoir aussi un lien avec le paiement de ses propres honoraires. Car la mis\u00e8re sociale est aussi un business pour certains.\u00a0<\/p>\n<p style=\"text-align: justify;\"><strong>UN CRI DU COEUR PAS LOIN DU PORTEFEUILLE\u00a0<\/strong><\/p>\n<p style=\"text-align: justify;\">Le \u00ab\u00a0Dauphin\u00e9\u00a0\u00bb pr\u00e9sente en \u00e9clairage de ce cri du coeur (!) pas loin du portefeuille, la situation d&rsquo;un Maitre Nageur bien dans ses bottes qui attend sa r\u00e9gularisation pour travailler. Il est donc probablement tr\u00e8s repr\u00e9sentatif de tous ceux qui attendent leurs papiers ? On croise toujours cette culture ambiante de gauche qui veut chasser le r\u00e9el du regard. Le fait que la pr\u00e9fecture ait \u00e9t\u00e9 confront\u00e9e \u00e0 un trafic il y a plusieurs mois qui a d\u00e9sorganis\u00e9 durablement le service et dont l&rsquo;actuelle Pr\u00e9f\u00e8te \u00e9cope des cons\u00e9quences n&rsquo;est \u00e9videmment pas pris en compte par Claude Coutaz.<\/p>\n<p><img decoding=\"async\" data-id=\"83293\" src=\"https:\/\/i0.wp.com\/grenoble-le-changement.fr\/wp-content\/uploads\/2025\/07\/Ruffin-re\u0302ve-.png?w=678&amp;ssl=1\" alt=\"\" class=\"wp-image-83293 jetpack-lazy-image\" data-recalc-dims=\"1\" data-lazy-src=\"https:\/\/i0.wp.com\/grenoble-le-changement.fr\/wp-content\/uploads\/2025\/07\/Ruffin-re\u0302ve-.png?w=678&amp;is-pending-load=1#038;ssl=1\" \/><br \/>\nLes coups de com&rsquo; de Piolle ont durablement compromis la fausse pr\u00e9sentation bucolique mais hors sol de Laurence Ruffin (Verts\/LFI)  dans le Dauphin\u00e9. <\/p>\n<p><strong>DES SORTIES QUI NE SONT PAS UN HASARD <\/strong><\/p>\n<p style=\"text-align: justify;\">Dans l&rsquo;organisation de type secte, tr\u00e8s centralis\u00e9e <a href=\"https:\/\/grenoble-le-changement.fr\/2025\/01\/28\/eric-vaillant-procureur-grenoble-un-fief-de-lultra-gauche-insurrectionnelle\/\" target=\"_blank\" rel=\"noopener\">de l&rsquo;extr\u00eame gauche locale,<\/a> ces sorties ne sont pas un hasard. Il s&rsquo;agit de d\u00e9senclaver <a href=\"https:\/\/grenoble-le-changement.fr\/2024\/11\/23\/laurence-ruffin-verts-lfi-petits-mensonges-et-gros-sabots\/\" target=\"_blank\" rel=\"noopener\">Laurence Ruffin, la candidate (Verts\/LFI)<\/a> d\u00e9sign\u00e9e par Piolle embourb\u00e9e \u00e0 cause d&rsquo;une com&rsquo; qui a ouvert les yeux \u00e0 de nombreux grenoblois. Le choc des \u00ab\u00a0ghettos de riches\u00a0\u00bb qui stigmatise ce qui reste d&rsquo;une classe moyenne grenobloise tr\u00e8s appauvrie n&rsquo;a pas fini de faire des d\u00e9g\u00e2ts.\u00a0<\/p>\n<p style=\"text-align: justify;\"><strong>CONSERVER MOBILIS\u00c9S LES \u00c9LECTEURS DE LA GAUCHE EXTR\u00caME<\/strong><\/p>\n<p style=\"text-align: justify;\">La cr\u00e9ation de leurres autour d&rsquo;une pseudo \u00ab\u00a0lutte contre la corruption\u00a0\u00bb ou la d\u00e9fense des immigr\u00e9s mal trait\u00e9s a pour objet de rattraper un \u00e9lectorat en fuite ou au moins de conserver mobilis\u00e9s <a href=\"https:\/\/grenoble-le-changement.fr\/2024\/07\/02\/grenoble-lextreme-gauche-veut-tout-le-pouvoir\/\" target=\"_blank\" rel=\"noopener\">les \u00e9lecteurs de la gauche extr\u00eame,<\/a> auxquels les motivations r\u00e9elles sont cach\u00e9es.\u00a0<\/p>\n<p style=\"text-align: justify;\">On devrait en voir sortir d&rsquo;autres dans les semaines qui viennent car la majorit\u00e9 sortante veut absolument emp\u00eacher que le d\u00e9bat porte sur les questions municipales : financi\u00e8res, s\u00e9curitaires sociales, \u00e9cologiques.\u00a0<\/p>\n<p style=\"text-align: justify;\"><strong>PIOLLE A SEM\u00c9 LE BOUSIN DANS LA TACTIQUE DE L. RUFFIN (Verts\/LFI)<\/strong><\/p>\n<p style=\"text-align: justify;\">Or l&rsquo;op\u00e9ration de com&rsquo; de Piolle qui n&rsquo;avait qu&rsquo;une vis\u00e9e nationale pour lui, une op\u00e9ration de notori\u00e9t\u00e9 pour se mettre dans un jeu ou il est tr\u00e8s marginalis\u00e9, <a href=\"https:\/\/grenoble-le-changement.fr\/2025\/08\/08\/logement-piolle-fait-exploser-la-grande-arnaque-de-laurence-ruffin-verts-lfi\/\" target=\"_blank\" rel=\"noopener\">a eu des cons\u00e9quences d\u00e9sastreuses<\/a> pour son camp puisqu&rsquo;elle a replac\u00e9 les probl\u00e9matiques\u00a0 locales &#8211; et les \u00e9checs &#8211; au centre du d\u00e9bat.\u00a0\u00a0<\/p>\n<p style=\"text-align: justify;\">Les quartiers populaires, le logement, l&rsquo;urbanisation, les espaces nature ne sont pas les grands succ\u00e8s qu&rsquo;on peut en effet attribuer \u00e0 la municipalit\u00e9 sortante. <a href=\"https:\/\/grenoble-le-changement.fr\/2025\/08\/04\/la-liste-piolle-ruffin-plombee-par-les-declarations-du-maire-sortant\/\" target=\"_blank\" rel=\"noopener\">En lan\u00e7ant le d\u00e9bat sur la continuation et l&rsquo;aggravation,<\/a> Piolle a sem\u00e9 le bousin dans la tactique d&rsquo;\u00e9vitement de Ruffin.<\/p>\n<p><img decoding=\"async\" data-id=\"37043\" src=\"https:\/\/i1.wp.com\/grenoble-le-changement.fr\/wp-content\/uploads\/2019\/09\/Avrillier-Piolle-Martin-poing-leve\u0301-Confesson-220x162.png?resize=220%2C162&amp;ssl=1\" alt=\"\" class=\"wp-image-37043 jetpack-lazy-image\" data-recalc-dims=\"1\" data-lazy-src=\"https:\/\/i1.wp.com\/grenoble-le-changement.fr\/wp-content\/uploads\/2019\/09\/Avrillier-Piolle-Martin-poing-leve\u0301-Confesson-220x162.png?resize=220%2C162&amp;is-pending-load=1#038;ssl=1\" \/><\/p>\n<p><img decoding=\"async\" data-id=\"57910\" src=\"https:\/\/i1.wp.com\/grenoble-le-changement.fr\/wp-content\/uploads\/2023\/02\/FristotAvrillierBertrandComapart.png?w=678&amp;ssl=1\" alt=\"\" class=\"wp-image-57910 jetpack-lazy-image\" data-recalc-dims=\"1\" data-lazy-src=\"https:\/\/www.europesays.com\/fr\/wp-content\/uploads\/2025\/08\/FristotAvrillierBertrandComapart.png\" \/>V<br \/>\n\u00c0 gauche, Raymond Avrillier derri\u00e8re Piolle et la nomenklatura locale, \u00e0 droite avec ses \u00e9lus Vincent Fristot, Olivier Bertrand et Vincent Comparat officiellement pr\u00e9sident de l&rsquo;Ades : le syst\u00e8me est tenu par un petit nombre<\/p>\n<p><strong>ELLE VOULAIT \u00ab\u00a0R\u00c9FL\u00c9CHIR \u00c0 UNE PARIT\u00c9 SOCIALE ET UNE MIXIT\u00c9\u00a0\u00bb&#8230;<\/strong><\/p>\n<p style=\"text-align: justify;\">Dans la revue \u00ab\u00a0Basta\u00a0\u00bb de Montreuil, elle voudrait bien que le d\u00e9bat porte sur sa proposition r\u00e9volutionnaire : une liste \u00ab\u00a0plus repr\u00e9sentative (merci pour les sortants !). \u00ab\u00a0Je propose de r\u00e9fl\u00e9chir pour Grenoble \u00e0 une parit\u00e9 sociale et \u00e0 une mixit\u00e9, comme le fait le PTB [Parti du travail de Belgique, ndlr], afin que nos \u00e9lus ressemblent vraiment \u00e0 la population\u00a0\u00bb.<\/p>\n<p style=\"text-align: justify;\"><strong>LA FAUSSE STORY A SAUT\u00c9 APR\u00c8S SA TRAHISON DES GRENOBLOIS EN 2020<\/strong><\/p>\n<p style=\"text-align: justify;\">Il est certain que personne ne serait d\u00e9rang\u00e9. La municipalit\u00e9 sortante pourrait poursuivre le saccage de Grenoble. Cet ordonnancement tranquille, cette fausse story cr\u00e9\u00e9e pour Piolle en 2014 et poursuivie en 2020 a saut\u00e9 depuis sa candidature \u00e0 la pr\u00e9sidentielle d\u00e9s sa r\u00e9\u00e9lection comme Maire, qui a act\u00e9 son d\u00e9sint\u00e9r\u00eat pour Grenoble. Elle a saut\u00e9 avec le burkini, les d\u00e9parts successifs dans la majorit\u00e9, surtout avec <a href=\"https:\/\/grenoble-le-changement.fr\/2023\/09\/07\/eric-piolle-condamne-la-fin-du-regne\/\" target=\"_blank\" rel=\"noopener\">les condamnations de Piolle<\/a> et <a href=\"https:\/\/grenoble-le-changement.fr\/2024\/07\/04\/klauss-habfast-adjoint-au-maire-condamne-pour-favoritisme\/\" target=\"_blank\" rel=\"noopener\">Klauss Habfsat<\/a>, l&rsquo;affaire <a href=\"https:\/\/grenoble-le-changement.fr\/2024\/06\/05\/le-systeme-piolle-et-ses-remunerations-occultes-pour-elisa-martin\/\" target=\"_blank\" rel=\"noopener\">Piolle\/Elisa Martin ouverte<\/a>. Les explosions se poursuivent avec les op\u00e9rations de com&rsquo; du Grand Timonier <a href=\"https:\/\/grenoble-le-changement.fr\/2025\/07\/29\/la-liste-ruffin-verts-lfi-annonce-5000-hlm-supplementaires-a-grenoble\/\" target=\"_blank\" rel=\"noopener\">qui pi\u00e9tinent tout le monde.<\/a><\/p>\n<p style=\"text-align: justify;\"><strong>R. AVRILLIER ET C. COUTAZ RESSEMBLENT \u00c0 DE VIEILLES RUSTINES<\/strong><\/p>\n<p style=\"text-align: justify;\">Raymond Avrillier ou Claude Coutaz ressemblent \u00e0 de vieilles rustines. La tension et l&rsquo;attention sur les difficult\u00e9s de la ville sont trop fortes pour que le regard se focalise sur leurs feux follets. Ils ne peuvent pas d\u00e9senclaver Ruffin et lui donner de l&rsquo;air. Les uns et les autres vont devoir se r\u00e9soudre \u00e0 affronter le redoutable d\u00e9bat sur leur bilan et leur projet pour Grenoble. Une v\u00e9ritable horreur \u00e0 laquelle ils auraient tant voulu \u00e9chapper.<\/p>\n","protected":false},"excerpt":{"rendered":"Posted On 9 ao\u00fbt 2025 Tout \u00e0 coup au coeur de l&rsquo;\u00e9t\u00e9, Raymond Avrillier, le parrain de la&hellip;\n","protected":false},"author":2,"featured_media":307948,"comment_status":"","ping_status":"","sticky":false,"template":"","format":"standard","meta":{"footnotes":""},"categories":[9566],"tags":[1111,11,10127,2430,44685,44819,17761,10131,9607,1777,674,1011,27,2731,10307,44820,10136,12,15454,10139,17764,10140,25,25230,10850],"class_list":{"0":"post-307947","1":"post","2":"type-post","3":"status-publish","4":"format-standard","5":"has-post-thumbnail","7":"category-grenoble","8":"tag-actu","9":"tag-actualites","10":"tag-ades","11":"tag-auvergne-rhone-alpes","12":"tag-basta","13":"tag-catherine-seguin","14":"tag-claude-coutaz","15":"tag-elisa-martin","16":"tag-eric-piolle","17":"tag-eu","18":"tag-europe","19":"tag-fr","20":"tag-france","21":"tag-grenoble","22":"tag-jean-benoit-vigny","23":"tag-klauss-habfast","24":"tag-laurence-ruffin","25":"tag-news","26":"tag-olivier-bertrand","27":"tag-place-grenet","28":"tag-raphael-grandfils","29":"tag-raymond-avrillier","30":"tag-republique-francaise","31":"tag-vincent-comparat","32":"tag-vincent-fristot"},"share_on_mastodon":{"url":"https:\/\/pubeurope.com\/@fr\/115000447433961299","error":""},"_links":{"self":[{"href":"https:\/\/www.europesays.com\/fr\/wp-json\/wp\/v2\/posts\/307947","targetHints":{"allow":["GET"]}}],"collection":[{"href":"https:\/\/www.europesays.com\/fr\/wp-json\/wp\/v2\/posts"}],"about":[{"href":"https:\/\/www.europesays.com\/fr\/wp-json\/wp\/v2\/types\/post"}],"author":[{"embeddable":true,"href":"https:\/\/www.europesays.com\/fr\/wp-json\/wp\/v2\/users\/2"}],"replies":[{"embeddable":true,"href":"https:\/\/www.europesays.com\/fr\/wp-json\/wp\/v2\/comments?post=307947"}],"version-history":[{"count":0,"href":"https:\/\/www.europesays.com\/fr\/wp-json\/wp\/v2\/posts\/307947\/revisions"}],"wp:featuredmedia":[{"embeddable":true,"href":"https:\/\/www.europesays.com\/fr\/wp-json\/wp\/v2\/media\/307948"}],"wp:attachment":[{"href":"https:\/\/www.europesays.com\/fr\/wp-json\/wp\/v2\/media?parent=307947"}],"wp:term":[{"taxonomy":"category","embeddable":true,"href":"https:\/\/www.europesays.com\/fr\/wp-json\/wp\/v2\/categories?post=307947"},{"taxonomy":"post_tag","embeddable":true,"href":"https:\/\/www.europesays.com\/fr\/wp-json\/wp\/v2\/tags?post=307947"}],"curies":[{"name":"wp","href":"https:\/\/api.w.org\/{rel}","templated":true}]}}