{"id":307949,"date":"2025-08-09T19:24:17","date_gmt":"2025-08-09T19:24:17","guid":{"rendered":"https:\/\/www.europesays.com\/fr\/307949\/"},"modified":"2025-08-09T19:24:17","modified_gmt":"2025-08-09T19:24:17","slug":"un-morceau-de-corniche-seffondre-sur-le-trottoir-en-plein-centre-ville-de-rennes","status":"publish","type":"post","link":"https:\/\/www.europesays.com\/fr\/307949\/","title":{"rendered":"Un morceau de corniche s\u2019effondre sur le trottoir, en plein centre-ville de Rennes"},"content":{"rendered":"<p>C\u2019est un chauffeur de bus qui a donn\u00e9 l\u2019alerte au PC s\u00e9curit\u00e9 du r\u00e9seau Star. Alors qu\u2019il circulait quai de Richemont \u00e0 Rennes (Ille-et-Vilaine), vers 13\u00a0h\u00a050 samedi 9\u00a0ao\u00fbt 2025, un morceau de corniche du toit de l\u2019immeuble situ\u00e9 au num\u00e9ro\u00a04 s\u2019effondre sous ses yeux. Les morceaux de pierre chutent sur le trottoir, o\u00f9 heureusement aucun passant ne marche, et sur la chauss\u00e9e.<\/p>\n<p><strong>Lire aussi<\/strong>\u00a0:<a href=\"https:\/\/rennes.maville.com\/actu\/actudet_-dans-le-centre-historique-de-rennes-plus-de-200-immeubles-sauves-depuis-dix-ans-_52674-5501822_actu.Htm\" rel=\"nofollow noopener\" target=\"_blank\"> Dans le centre historique de Rennes, plus de 200\u00a0immeubles sauv\u00e9s depuis dix ans<\/a><\/p>\n<p>\t<img decoding=\"async\" src=\"https:\/\/www.europesays.com\/fr\/wp-content\/uploads\/2025\/08\/P35398048D6929962G_px_640_.jpg\" alt=\"photo un morceau de corniche s\u2019est effondr\u00e9, quai de richemont \u00e0 rennes, samedi 9\u00a0ao\u00fbt 2025.  \u00a9  ouest-france\" width=\"640\" title=\" Un morceau de corniche s\u2019est effondr\u00e9, quai de Richemont \u00e0 Rennes, samedi 9\u00a0ao\u00fbt 2025.   Ouest-France \"\/><\/p>\n<p class=\"elmt-legende\"> Un morceau de corniche s\u2019est effondr\u00e9, quai de Richemont \u00e0 Rennes, samedi 9\u00a0ao\u00fbt 2025.   Ouest-France <\/p>\n<p>La grande \u00e9chelle<\/p>\n<p>D\u00e9p\u00each\u00e9s sur place, cinq pompiers de la caserne Rennes centre ont sorti la grande \u00e9chelle pour s\u00e9curiser cette corniche en b\u00e9ton et <strong>\u00ab\u00a0faire tomber ce qui \u00e9tait instable\u00a0\u00bb<\/strong>.<\/p>\n<p>Le quai est, le temps de l\u2019intervention, coup\u00e9 \u00e0 la circulation.<\/p>\n<p>\u00a0<\/p>\n","protected":false},"excerpt":{"rendered":"C\u2019est un chauffeur de bus qui a donn\u00e9 l\u2019alerte au PC s\u00e9curit\u00e9 du r\u00e9seau Star. Alors qu\u2019il circulait&hellip;\n","protected":false},"author":2,"featured_media":307950,"comment_status":"","ping_status":"","sticky":false,"template":"","format":"standard","meta":{"footnotes":""},"categories":[2821],"tags":[1111,11,829,11898,7958,44822,1777,674,1011,27,44821,12,584,25,44823],"class_list":{"0":"post-307949","1":"post","2":"type-post","3":"status-publish","4":"format-standard","5":"has-post-thumbnail","7":"category-rennes","8":"tag-actu","9":"tag-actualites","10":"tag-bretagne","11":"tag-centre-ville","12":"tag-corniche","13":"tag-effondre","14":"tag-eu","15":"tag-europe","16":"tag-fr","17":"tag-france","18":"tag-morceau","19":"tag-news","20":"tag-rennes","21":"tag-republique-francaise","22":"tag-trottoir"},"share_on_mastodon":{"url":"https:\/\/pubeurope.com\/@fr\/115000447590777696","error":""},"_links":{"self":[{"href":"https:\/\/www.europesays.com\/fr\/wp-json\/wp\/v2\/posts\/307949","targetHints":{"allow":["GET"]}}],"collection":[{"href":"https:\/\/www.europesays.com\/fr\/wp-json\/wp\/v2\/posts"}],"about":[{"href":"https:\/\/www.europesays.com\/fr\/wp-json\/wp\/v2\/types\/post"}],"author":[{"embeddable":true,"href":"https:\/\/www.europesays.com\/fr\/wp-json\/wp\/v2\/users\/2"}],"replies":[{"embeddable":true,"href":"https:\/\/www.europesays.com\/fr\/wp-json\/wp\/v2\/comments?post=307949"}],"version-history":[{"count":0,"href":"https:\/\/www.europesays.com\/fr\/wp-json\/wp\/v2\/posts\/307949\/revisions"}],"wp:featuredmedia":[{"embeddable":true,"href":"https:\/\/www.europesays.com\/fr\/wp-json\/wp\/v2\/media\/307950"}],"wp:attachment":[{"href":"https:\/\/www.europesays.com\/fr\/wp-json\/wp\/v2\/media?parent=307949"}],"wp:term":[{"taxonomy":"category","embeddable":true,"href":"https:\/\/www.europesays.com\/fr\/wp-json\/wp\/v2\/categories?post=307949"},{"taxonomy":"post_tag","embeddable":true,"href":"https:\/\/www.europesays.com\/fr\/wp-json\/wp\/v2\/tags?post=307949"}],"curies":[{"name":"wp","href":"https:\/\/api.w.org\/{rel}","templated":true}]}}