{"id":307951,"date":"2025-08-09T19:25:18","date_gmt":"2025-08-09T19:25:18","guid":{"rendered":"https:\/\/www.europesays.com\/fr\/307951\/"},"modified":"2025-08-09T19:25:18","modified_gmt":"2025-08-09T19:25:18","slug":"rennes-genoa-les-rennais-concedent-le-nul-apres-un-but-encaisse-a-la-derniere-minute","status":"publish","type":"post","link":"https:\/\/www.europesays.com\/fr\/307951\/","title":{"rendered":"Rennes &#8211; Genoa\u00a0: les Rennais conc\u00e8dent le nul apr\u00e8s un but encaiss\u00e9 \u00e0 la derni\u00e8re minute"},"content":{"rendered":"<p>Match amical. Rennes &#8211; Genoa : 2-2<\/p>\n<p>Pour son dernier match de pr\u00e9paration, avant la venue de l\u2019OM au Roazhon Park vendredi prochain, Rennes a conc\u00e9d\u00e9 le nul 2-2 \u00e0 la 90\u2019, apr\u00e8s avoir men\u00e9 2-0 (74\u2019). \u00ab Cela entra\u00eene de la frustration, mais j\u2019ai dit aux gar\u00e7ons de ne pas tout remettre en question, de garder ce qui a \u00e9t\u00e9 positif dans notre pr\u00e9paration. Celle-ci a \u00e9t\u00e9 positive dans les intentions. Mais ce n\u2019est pas un hasard que cela arrive maintenant : j\u2019ai mis en garde mon groupe sur les moments de d\u00e9connexion, de d\u00e9concentration, ce qui peut s\u2019apparenter, parfois, \u00e0 de la suffisance et, \u00e0 ce niveau, on est punis \u00bb, a indiqu\u00e9 l\u2019entra\u00eeneur rennais Habib Beye.<\/p>\n<p>Contraint de faire sans Brassier (cheville) et Rongier, Beye avait donn\u00e9 leurs chances au revenant Rieder au milieu comme \u00e0 Faye en d\u00e9fense, alors qu\u2019A\u00eft-Boudlal semblait favori. Dans un sch\u00e9ma d\u00e9sormais classique en 5-3-2, l\u2019entra\u00eeneur avait \u00e9galement pr\u00e9f\u00e9r\u00e9 le duo Me\u00eft\u00e9\/Al-Tamari au tandem Kalimuendo\/Blas. Le Jordanien a ouvert la marque, apr\u00e8s une merveille de passe de Rieder (21\u2019). Tr\u00e8s impliqu\u00e9, le meneur suisse a su saisir sa chance. Moins Faye, coupable sur le but du 2-1, sign\u00e9 Malinovskyi (77\u2019). Nagida a, lui, saut\u00e9 \u00e0 contretemps sur le dernier corner, permettant la t\u00eate gagnante d\u2019Ostigard, fra\u00eechement parti de Rennes et qui n\u2019a pu s\u2019emp\u00eacher de chambrer (90\u2019). Enfin, l\u2019avenir de Kalimuendo, non entr\u00e9, semble s\u2019inscrire loin de Rennes.<\/p>\n<p class=\"tech\"><strong class=\"tech\">BUTS<\/strong>. Rennes : Al-Tamari (21\u2019), Dj. Ciss\u00e9 (73\u2019) ; Genoa : Malinovskyi (77\u2019), Ostigard (90\u2019)<\/p>\n<p class=\"tech\"><strong class=\"tech\">Avertissements<\/strong>. Genoa : Ellertsson (89\u2019)<\/p>\n<p class=\"tech\"><strong class=\"tech\">RENNES<\/strong>. Samba (cap.) &#8211; Frankowski (Nagida, 46\u2019), Rouault (A\u00eft-Boudlal, 78\u2019), Jacquet, Faye, Merlin &#8211; Rieder, Dj. Ciss\u00e9, Fofana &#8211; Me\u00eft\u00e9 (Blas, 60\u2019), Al-Tamari (Yildirim, 78\u2019) Non entr\u00e9s en jeu : Alemdar (g.), Bamba, Kalimuendo, Salah, Wooh. Entra\u00eeneur : Habib Beye.<\/p>\n<p class=\"tech\"><strong class=\"tech\">GENOA<\/strong>. Leali &#8211; Norton-Cuffy, Marcandalli (Ostigard, 74\u2019), Otoa (Vasquez, 27\u2019), Martin &#8211; Masini, Frendrup (cap.) (Ellertsson, 74\u2019) &#8211; Carboni (Sabelli, 57\u2019), Stanciu (Ekuban, 74\u2019), Gronbaek (Malinovskyi, 57\u2019) &#8211; Vitinha (Colombo, 57\u2019). Non entr\u00e9s en jeu : Siegrist, Sommariva, De Winter, Fini, Thorsby, Ekhator, Venturino. Entra\u00eeneur : Patrick Vieira.<\/p>\n","protected":false},"excerpt":{"rendered":"Match amical. Rennes &#8211; Genoa : 2-2 Pour son dernier match de pr\u00e9paration, avant la venue de l\u2019OM&hellip;\n","protected":false},"author":2,"featured_media":307952,"comment_status":"","ping_status":"","sticky":false,"template":"","format":"standard","meta":{"footnotes":""},"categories":[2821],"tags":[1111,11,829,3166,1777,674,63,1011,27,12,584,25,60,3087],"class_list":{"0":"post-307951","1":"post","2":"type-post","3":"status-publish","4":"format-standard","5":"has-post-thumbnail","7":"category-rennes","8":"tag-actu","9":"tag-actualites","10":"tag-bretagne","11":"tag-en-continu-sports","12":"tag-eu","13":"tag-europe","14":"tag-football","15":"tag-fr","16":"tag-france","17":"tag-news","18":"tag-rennes","19":"tag-republique-francaise","20":"tag-sports","21":"tag-stade-rennais"},"share_on_mastodon":{"url":"https:\/\/pubeurope.com\/@fr\/115000450915880816","error":""},"_links":{"self":[{"href":"https:\/\/www.europesays.com\/fr\/wp-json\/wp\/v2\/posts\/307951","targetHints":{"allow":["GET"]}}],"collection":[{"href":"https:\/\/www.europesays.com\/fr\/wp-json\/wp\/v2\/posts"}],"about":[{"href":"https:\/\/www.europesays.com\/fr\/wp-json\/wp\/v2\/types\/post"}],"author":[{"embeddable":true,"href":"https:\/\/www.europesays.com\/fr\/wp-json\/wp\/v2\/users\/2"}],"replies":[{"embeddable":true,"href":"https:\/\/www.europesays.com\/fr\/wp-json\/wp\/v2\/comments?post=307951"}],"version-history":[{"count":0,"href":"https:\/\/www.europesays.com\/fr\/wp-json\/wp\/v2\/posts\/307951\/revisions"}],"wp:featuredmedia":[{"embeddable":true,"href":"https:\/\/www.europesays.com\/fr\/wp-json\/wp\/v2\/media\/307952"}],"wp:attachment":[{"href":"https:\/\/www.europesays.com\/fr\/wp-json\/wp\/v2\/media?parent=307951"}],"wp:term":[{"taxonomy":"category","embeddable":true,"href":"https:\/\/www.europesays.com\/fr\/wp-json\/wp\/v2\/categories?post=307951"},{"taxonomy":"post_tag","embeddable":true,"href":"https:\/\/www.europesays.com\/fr\/wp-json\/wp\/v2\/tags?post=307951"}],"curies":[{"name":"wp","href":"https:\/\/api.w.org\/{rel}","templated":true}]}}