{"id":307955,"date":"2025-08-09T19:29:10","date_gmt":"2025-08-09T19:29:10","guid":{"rendered":"https:\/\/www.europesays.com\/fr\/307955\/"},"modified":"2025-08-09T19:29:10","modified_gmt":"2025-08-09T19:29:10","slug":"canicule-avant-le-retour-de-la-vigilance-orange-la-ville-de-nice-prend-des-mesures","status":"publish","type":"post","link":"https:\/\/www.europesays.com\/fr\/307955\/","title":{"rendered":"Canicule: avant le retour de la vigilance orange, la Ville de Nice prend des mesures"},"content":{"rendered":"<p>Coup de chaud sur les Alpes-Maritimes, comme sur le reste de la France. Alors que le d\u00e9partement doit \u00eatre plac\u00e9 en vigilance orange par M\u00e9t\u00e9o-France \u00e0 compter de dimanche 10 ao\u00fbt 2025 \u00e0 la mi-journ\u00e9e, la Ville de Nice annonce des mesures.\u00a0<\/p>\n<p>La Ville de Nice et son Centre communal d\u2019action sociale annoncent ce samedi activer leur cellule de vigilance\u00a0\u00ab\u00a0afin de conduire des actions sp\u00e9cifiques de pr\u00e9vention en faveur des publics les plus fragiles\u2005: personnes \u00e2g\u00e9es, personnes en situation de grande pr\u00e9carit\u00e9, enfants\u00a0\u00bb.<\/p>\n<p>Plan bleu dans les Ehpad<\/p>\n<p>Le plan bleu va notamment \u00eatre d\u00e9clench\u00e9 dans les Ehpad. Concr\u00e8tement, cela signifie le renforcement\u00a0des actions sp\u00e9cifiques relatives \u00e0 l&rsquo;hydratation et aux soins des a\u00een\u00e9s, ainsi qu&rsquo;\u00e0 leur accompagnement dans une salle rafra\u00eechie (chaque \u00e9tablissement poss\u00e8de un lieu climatis\u00e9).<\/p>\n<p style=\"font-weight: 400;\">Des personnes en situation de handicap ou des personnes \u00e2g\u00e9es ext\u00e9rieures aux \u00e9tablissements peuvent y \u00eatre accueillies.<\/p>\n<p>Quant aux seniors vivant \u00e0 domicile ou aux personnes en situation de handicap, ils b\u00e9n\u00e9ficient d&rsquo;un \u00ab\u00a0soutien renforc\u00e9 aux b\u00e9n\u00e9ficiaires du Service autonomie \u00e0 domicile\u00a0\u00bb qui va de l&rsquo;accompagnement vers des espaces climatis\u00e9s \u00e0 la prise en charge compl\u00e8te, du signalement au plan d\u2019accompagnement post-hospitalisation.<\/p>\n<p>Par ailleurs, les restaurants solidaires climatis\u00e9s, sur inscription aupr\u00e8s de l\u2019Office municipal ni\u00e7ois des seniors (04.89.04.65.03), demeurent accessibles.<\/p>\n<p>Accueil de nuit ouvert en journ\u00e9e d\u00e8s dimanche<\/p>\n<p>D\u00e8s ce dimanche 10 ao\u00fbt 2025, l\u2019accueil de nuit situ\u00e9 rue Trachel sera ouvert 24h\/24, en plus de l\u2019accueil de jour situ\u00e9 rue du XVe Corps et ouvert, lui, de 9h \u00e0 16h.<\/p>\n<p>\u00ab\u00a0Au-del\u00e0 d\u2019un accueil dans un site climatis\u00e9, une bonne hydratation ainsi qu\u2019une distribution de pochons alimentaires seront assur\u00e9s\u00a0\u00bb, pr\u00e9cise la Ville.<\/p>\n<p>\u00ab\u00a0En cette p\u00e9riode de fortes chaleurs, la Ville de Nice appelle tous les citoyens \u00e0 \u00eatre vigilants, et \u00e0 porter une attention particuli\u00e8re aux personnes les plus vuln\u00e9rables\u00a0\u00bb, compl\u00e8te la collectivit\u00e9.<\/p>\n<p>Canicule au moins jusqu&rsquo;\u00e0 mardi<\/p>\n<p>L&rsquo;augmentation des temp\u00e9ratures devrait durer plusieurs jours \u00e0 Nice et dans les Alpes-Maritimes. Au moins jusqu&rsquo;\u00e0 mardi 12 ao\u00fbt, pr\u00e9vient la pr\u00e9fecture: \u00ab\u00a0Les temp\u00e9ratures minimales en fin de nuit de samedi \u00e0 dimanche seront voisines de 18 \u00e0 21\u00b0C et de 22 \u00e0 24\u00b0C sur les franges littorales. Les temp\u00e9ratures vont gagner de 1 \u00e0 3\u00b0C, atteignant souvent 37 \u00e0 39\u00b0C dans l\u2019int\u00e9rieur des terres.\u00a0\u00bb<\/p>\n","protected":false},"excerpt":{"rendered":"Coup de chaud sur les Alpes-Maritimes, comme sur le reste de la France. Alors que le d\u00e9partement doit&hellip;\n","protected":false},"author":2,"featured_media":307956,"comment_status":"","ping_status":"","sticky":false,"template":"","format":"standard","meta":{"footnotes":""},"categories":[2819],"tags":[1111,11,1777,674,1011,27,2487,12,2401,882,25],"class_list":{"0":"post-307955","1":"post","2":"type-post","3":"status-publish","4":"format-standard","5":"has-post-thumbnail","7":"category-nice","8":"tag-actu","9":"tag-actualites","10":"tag-eu","11":"tag-europe","12":"tag-fr","13":"tag-france","14":"tag-meteo","15":"tag-news","16":"tag-nice","17":"tag-provence-alpes-cote-dazur","18":"tag-republique-francaise"},"share_on_mastodon":{"url":"https:\/\/pubeurope.com\/@fr\/115000467034731923","error":""},"_links":{"self":[{"href":"https:\/\/www.europesays.com\/fr\/wp-json\/wp\/v2\/posts\/307955","targetHints":{"allow":["GET"]}}],"collection":[{"href":"https:\/\/www.europesays.com\/fr\/wp-json\/wp\/v2\/posts"}],"about":[{"href":"https:\/\/www.europesays.com\/fr\/wp-json\/wp\/v2\/types\/post"}],"author":[{"embeddable":true,"href":"https:\/\/www.europesays.com\/fr\/wp-json\/wp\/v2\/users\/2"}],"replies":[{"embeddable":true,"href":"https:\/\/www.europesays.com\/fr\/wp-json\/wp\/v2\/comments?post=307955"}],"version-history":[{"count":0,"href":"https:\/\/www.europesays.com\/fr\/wp-json\/wp\/v2\/posts\/307955\/revisions"}],"wp:featuredmedia":[{"embeddable":true,"href":"https:\/\/www.europesays.com\/fr\/wp-json\/wp\/v2\/media\/307956"}],"wp:attachment":[{"href":"https:\/\/www.europesays.com\/fr\/wp-json\/wp\/v2\/media?parent=307955"}],"wp:term":[{"taxonomy":"category","embeddable":true,"href":"https:\/\/www.europesays.com\/fr\/wp-json\/wp\/v2\/categories?post=307955"},{"taxonomy":"post_tag","embeddable":true,"href":"https:\/\/www.europesays.com\/fr\/wp-json\/wp\/v2\/tags?post=307955"}],"curies":[{"name":"wp","href":"https:\/\/api.w.org\/{rel}","templated":true}]}}