{"id":30796,"date":"2025-04-17T04:29:12","date_gmt":"2025-04-17T04:29:12","guid":{"rendered":"https:\/\/www.europesays.com\/fr\/30796\/"},"modified":"2025-04-17T04:29:12","modified_gmt":"2025-04-17T04:29:12","slug":"une-enveloppe-de-57-millions-deuros-supplementaires-pour-le-patrimoine-lyonnais","status":"publish","type":"post","link":"https:\/\/www.europesays.com\/fr\/30796\/","title":{"rendered":"Une enveloppe de 5,7 millions d\u2019euros suppl\u00e9mentaires pour le patrimoine lyonnais"},"content":{"rendered":"<p itemprop=\"description\"><strong>La Ville de Lyon et l&rsquo;\u00c9tat ont prolong\u00e9 ce mercredi la 4e convention patrimoine.<\/strong><\/p>\n<p>Depuis 1998, les conventions entre l\u2019\u00c9tat et la Ville de Lyon ont permis de consacrer plus de 28 millions d\u2019euros \u00e0 la restauration du patrimoine lyonnais. La 4e convention a officiellement \u00e9t\u00e9 prolong\u00e9e ce mercredi avec au bout une enveloppe suppl\u00e9mentaire de 5,7 millions d\u2019euros. Cette derni\u00e8re devait initialement couvrir la p\u00e9riode allant de 2019 \u00e0 2024. Cela repr\u00e9sente au total la somme de 21 millions d\u2019euros pour le patrimoine lyonnais ces derni\u00e8res ann\u00e9es.<\/p>\n<p>Ce prolongement allant jusqu\u2019en 2026 va permettre de mener des travaux sur sept \u00e9difices embl\u00e9matiques de la ville de Lyon : la restauration des fa\u00e7ades et des galeries du <strong>Mus\u00e9e de l\u2019Imprimerie et de la Communication Graphique<\/strong> (Lyon 2), la restauration des couvertures et des menuiseries ext\u00e9rieures et le traitement des urgences structurelles en fa\u00e7ade du <strong>Th\u00e9\u00e2tre des C\u00e9lestins<\/strong> (Lyon 2), la reprise des couvertures ou encore la consolidation de la frise peinte de la <strong>Villa Gillet<\/strong> (Lyon 4), la r\u00e9fection de l\u2019\u00e9tanch\u00e9it\u00e9 des casquettes de la <strong>Bourse du Travail<\/strong> (Lyon 3), la restauration de <strong>l\u2019ancienne fontaine rue des Fantasques<\/strong> (Lyon 1), la premi\u00e8re phase d\u2019\u00e9tudes de <strong>l\u2019amphith\u00e9\u00e2tre des Trois Gaules et le Jardin des Plantes<\/strong> (Lyon 1) et l\u2019\u00e9tude patrimoniale et diagnostic \u00e9nerg\u00e9tique de <strong>l\u2019H\u00f4tel de Ville<\/strong> (Lyon 1).<\/p>\n<p>A noter qu\u2019une 5e convention pourrait \u00eatre d\u00e9cid\u00e9e d\u00e8s le prochain mandat de la municipalit\u00e9 lyonnaise.<\/p>\n","protected":false},"excerpt":{"rendered":"La Ville de Lyon et l&rsquo;\u00c9tat ont prolong\u00e9 ce mercredi la 4e convention patrimoine. Depuis 1998, les conventions&hellip;\n","protected":false},"author":2,"featured_media":30797,"comment_status":"","ping_status":"","sticky":false,"template":"","format":"standard","meta":{"footnotes":""},"categories":[1889],"tags":[1111,11,2813,2190,2430,1109,251,1112,2811,1777,674,118,1011,27,1922,1110,1114,2428,2810,12,241,316,25,2812,517,800],"class_list":{"0":"post-30796","1":"post","2":"type-post","3":"status-publish","4":"format-standard","5":"has-post-thumbnail","7":"category-lyon","8":"tag-actu","9":"tag-actualites","10":"tag-article","11":"tag-asvel","12":"tag-auvergne-rhone-alpes","13":"tag-breves","14":"tag-culture","15":"tag-depeches","16":"tag-economique","17":"tag-eu","18":"tag-europe","19":"tag-faits-divers","20":"tag-fr","21":"tag-france","22":"tag-info","23":"tag-informations","24":"tag-infos","25":"tag-lyon","26":"tag-lyonmag","27":"tag-news","28":"tag-ol","29":"tag-politique","30":"tag-republique-francaise","31":"tag-sociale","32":"tag-sport","33":"tag-transports"},"share_on_mastodon":{"url":"https:\/\/pubeurope.com\/@fr\/114351424327248291","error":""},"_links":{"self":[{"href":"https:\/\/www.europesays.com\/fr\/wp-json\/wp\/v2\/posts\/30796","targetHints":{"allow":["GET"]}}],"collection":[{"href":"https:\/\/www.europesays.com\/fr\/wp-json\/wp\/v2\/posts"}],"about":[{"href":"https:\/\/www.europesays.com\/fr\/wp-json\/wp\/v2\/types\/post"}],"author":[{"embeddable":true,"href":"https:\/\/www.europesays.com\/fr\/wp-json\/wp\/v2\/users\/2"}],"replies":[{"embeddable":true,"href":"https:\/\/www.europesays.com\/fr\/wp-json\/wp\/v2\/comments?post=30796"}],"version-history":[{"count":0,"href":"https:\/\/www.europesays.com\/fr\/wp-json\/wp\/v2\/posts\/30796\/revisions"}],"wp:featuredmedia":[{"embeddable":true,"href":"https:\/\/www.europesays.com\/fr\/wp-json\/wp\/v2\/media\/30797"}],"wp:attachment":[{"href":"https:\/\/www.europesays.com\/fr\/wp-json\/wp\/v2\/media?parent=30796"}],"wp:term":[{"taxonomy":"category","embeddable":true,"href":"https:\/\/www.europesays.com\/fr\/wp-json\/wp\/v2\/categories?post=30796"},{"taxonomy":"post_tag","embeddable":true,"href":"https:\/\/www.europesays.com\/fr\/wp-json\/wp\/v2\/tags?post=30796"}],"curies":[{"name":"wp","href":"https:\/\/api.w.org\/{rel}","templated":true}]}}