{"id":307991,"date":"2025-08-09T19:53:11","date_gmt":"2025-08-09T19:53:11","guid":{"rendered":"https:\/\/www.europesays.com\/fr\/307991\/"},"modified":"2025-08-09T19:53:11","modified_gmt":"2025-08-09T19:53:11","slug":"leurope-et-lukraine-mettent-la-pression-sur-les-etats-unis-avant-les-discussions-trump-poutine","status":"publish","type":"post","link":"https:\/\/www.europesays.com\/fr\/307991\/","title":{"rendered":"L&rsquo;Europe et l&rsquo;Ukraine mettent la pression sur les \u00c9tats-Unis avant les discussions Trump-Poutine"},"content":{"rendered":"<p>Des responsables europ\u00e9ens auraient soumis samedi leurs propres propositions de paix pour l&rsquo;Ukraine aux \u00c9tats-Unis, alors que le pr\u00e9sident Donald Trump se pr\u00e9pare \u00e0 rencontrer le pr\u00e9sident russe Vladimir Poutine afin de mettre fin \u00e0 la guerre.<\/p>\n<p>Trump a annonc\u00e9 vendredi qu&rsquo;il rencontrerait Poutine en Alaska le 15 ao\u00fbt, affirmant que les parties, y compris le pr\u00e9sident ukrainien Volodymyr Zelensky, \u00e9taient proches d&rsquo;un accord susceptible de r\u00e9soudre ce conflit qui dure depuis trois ans et demi.<\/p>\n<p>Les d\u00e9tails de cet accord potentiel n&rsquo;ont pas encore \u00e9t\u00e9 d\u00e9voil\u00e9s, mais Trump a d\u00e9clar\u00e9 qu&rsquo;il impliquerait \u00ab\u00a0un \u00e9change de territoires pour le b\u00e9n\u00e9fice des deux parties\u00a0\u00bb. Cela pourrait exiger de l&rsquo;Ukraine qu&rsquo;elle c\u00e8de une part importante de son territoire &#8211; une issue que Kyiv et ses alli\u00e9s europ\u00e9ens estiment susceptible d&rsquo;encourager l&rsquo;agression russe.<\/p>\n<p>Le vice-pr\u00e9sident am\u00e9ricain JD Vance a rencontr\u00e9 samedi des alli\u00e9s ukrainiens et europ\u00e9ens au Royaume-Uni pour discuter de l&rsquo;initiative de paix de Trump.<\/p>\n<p>Selon le Wall Street Journal, les responsables europ\u00e9ens ont pr\u00e9sent\u00e9 une contre-proposition, comprenant l&rsquo;exigence qu&rsquo;un cessez-le-feu soit instaur\u00e9 avant toute autre mesure et que tout \u00e9change de territoires soit r\u00e9ciproque, avec des garanties de s\u00e9curit\u00e9 solides.<\/p>\n<p>\u00ab\u00a0On ne peut pas entamer un processus en c\u00e9dant du territoire en pleine guerre\u00a0\u00bb, aurait d\u00e9clar\u00e9 un n\u00e9gociateur europ\u00e9en, selon le journal. Les responsables europ\u00e9ens contact\u00e9s par Reuters n&rsquo;ont pas pu confirmer ce rapport.<\/p>\n<p>Zelensky a qualifi\u00e9 la r\u00e9union de constructive. \u00ab\u00a0Tous nos arguments ont \u00e9t\u00e9 entendus\u00a0\u00bb, a-t-il d\u00e9clar\u00e9 dans son allocution du soir aux Ukrainiens.<\/p>\n<p>\u00ab\u00a0Le chemin vers la paix pour l&rsquo;Ukraine doit \u00eatre d\u00e9termin\u00e9 ensemble, et uniquement ensemble avec l&rsquo;Ukraine, c&rsquo;est un principe cl\u00e9\u00a0\u00bb, a-t-il ajout\u00e9.<\/p>\n<p>Il avait auparavant rejet\u00e9 toute concession territoriale, affirmant que \u00ab\u00a0les Ukrainiens ne donneront pas leur terre \u00e0 l&rsquo;occupant\u00a0\u00bb.<\/p>\n<p>Le pr\u00e9sident fran\u00e7ais Emmanuel Macron a \u00e9galement insist\u00e9 sur la n\u00e9cessit\u00e9 d&rsquo;inclure l&rsquo;Ukraine dans toute n\u00e9gociation.<\/p>\n<p>\u00ab\u00a0L&rsquo;avenir de l&rsquo;Ukraine ne peut \u00eatre d\u00e9cid\u00e9 sans les Ukrainiens, qui se battent pour leur libert\u00e9 et leur s\u00e9curit\u00e9 depuis plus de trois ans maintenant\u00a0\u00bb, a-t-il \u00e9crit sur X apr\u00e8s ce qu&rsquo;il a qualifi\u00e9 d&rsquo;appels avec Zelensky, le chancelier allemand Friedrich Merz et le Premier ministre britannique Keir Starmer.<\/p>\n<p>\u00ab\u00a0Les Europ\u00e9ens feront n\u00e9cessairement partie de la solution, car leur propre s\u00e9curit\u00e9 est en jeu.\u00a0\u00bb<\/p>\n<p><b>&lsquo;DES \u00c9TAPES CLAIRES N\u00c9CESSAIRES&rsquo;<\/b><\/p>\n<p>Zelensky a multipli\u00e9 les \u00e9changes avec les alli\u00e9s de l&rsquo;Ukraine depuis la visite de l&rsquo;\u00e9missaire de Trump, Steve Witkoff, \u00e0 Moscou mercredi, une rencontre que Trump a qualifi\u00e9e de \u00ab\u00a0grand progr\u00e8s\u00a0\u00bb.<\/p>\n<p>\u00ab\u00a0Des \u00e9tapes claires sont n\u00e9cessaires, ainsi qu&rsquo;une coordination maximale entre nous et nos partenaires\u00a0\u00bb, a d\u00e9clar\u00e9 Zelensky dans une publication sur X plus t\u00f4t samedi.<\/p>\n<p>L&rsquo;Ukraine et l&rsquo;Union europ\u00e9enne ont rejet\u00e9 les propositions qu&rsquo;elles consid\u00e8rent comme trop favorables \u00e0 Poutine, dont les troupes ont envahi l&rsquo;Ukraine en f\u00e9vrier 2022, invoquant ce que Moscou qualifie de menaces contre la s\u00e9curit\u00e9 russe en raison du rapprochement de l&rsquo;Ukraine vers l&rsquo;Occident.<\/p>\n<p>Kyiv et ses alli\u00e9s occidentaux consid\u00e8rent l&rsquo;invasion comme une tentative d&rsquo;annexion \u00e0 l&rsquo;ancienne, de type imp\u00e9rialiste.<\/p>\n<p>Apr\u00e8s les discussions en Grande-Bretagne, le journaliste d&rsquo;Axios Barak Ravid a cit\u00e9 un responsable am\u00e9ricain affirmant\u00a0: \u00ab\u00a0Les r\u00e9unions de plusieurs heures aujourd&rsquo;hui ont permis de r\u00e9aliser des progr\u00e8s significatifs vers l&rsquo;objectif du pr\u00e9sident Trump de mettre fin \u00e0 la guerre en Ukraine.\u00a0\u00bb<\/p>\n<p>Il n&rsquo;\u00e9tait pas clair ce qui, le cas \u00e9ch\u00e9ant, avait \u00e9t\u00e9 convenu.<\/p>\n<p>Moscou a pr\u00e9c\u00e9demment revendiqu\u00e9 quatre r\u00e9gions ukrainiennes &#8212; Louhansk, Donetsk, Zaporijjia et Kherson &#8212; ainsi que la p\u00e9ninsule de Crim\u00e9e, annex\u00e9e en 2014.<\/p>\n<p>Les forces russes ne contr\u00f4lent pas l&rsquo;int\u00e9gralit\u00e9 du territoire des quatre r\u00e9gions et la Russie exige que l&rsquo;Ukraine retire ses troupes des parties de ces r\u00e9gions qu&rsquo;elle contr\u00f4le encore.<\/p>\n<p>L&rsquo;Ukraine affirme que ses troupes conservent une petite position dans la r\u00e9gion russe de Koursk, un an apr\u00e8s y avoir p\u00e9n\u00e9tr\u00e9 pour tenter de gagner du poids dans les n\u00e9gociations. La Russie a d\u00e9clar\u00e9 avoir expuls\u00e9 les troupes ukrainiennes de Koursk en avril.<\/p>\n<p>Tatiana Stanovaya, chercheuse principale au Carnegie Russia Eurasia Center, a qualifi\u00e9 cette initiative de paix de \u00ab\u00a0premi\u00e8re tentative plus ou moins r\u00e9aliste pour arr\u00eater la guerre\u00a0\u00bb.<\/p>\n<p>\u00ab\u00a0En m\u00eame temps, je reste extr\u00eamement sceptique quant \u00e0 la mise en \u0153uvre des accords, m\u00eame si une tr\u00eave est conclue pour un temps. Et il ne fait pratiquement aucun doute que les nouveaux engagements pourraient \u00eatre d\u00e9vastateurs pour l&rsquo;Ukraine\u00a0\u00bb, a-t-elle estim\u00e9.<\/p>\n<p>Des combats acharn\u00e9s font rage le long des plus de 1\u00a0000\u00a0km de ligne de front dans l&rsquo;est et le sud de l&rsquo;Ukraine, o\u00f9 les forces russes occupent environ un cinqui\u00e8me du territoire du pays.<\/p>\n<p>Les troupes russes progressent lentement \u00e0 l&rsquo;est, mais leur offensive estivale n&rsquo;a pas encore permis de perc\u00e9e majeure, selon des analystes militaires ukrainiens.<\/p>\n<p>Les Ukrainiens restent d\u00e9termin\u00e9s.<\/p>\n<p>\u00ab\u00a0Aucun militaire n&rsquo;acceptera de c\u00e9der du territoire, de retirer les troupes des territoires ukrainiens\u00a0\u00bb, a d\u00e9clar\u00e9 Olesia Petritska, 51 ans, \u00e0 Reuters, alors qu&rsquo;elle montrait des centaines de petits drapeaux ukrainiens sur la place centrale de Kiev, en m\u00e9moire des soldats tomb\u00e9s.<\/p>\n<p><\/p>\n","protected":false},"excerpt":{"rendered":"Des responsables europ\u00e9ens auraient soumis samedi leurs propres propositions de paix pour l&rsquo;Ukraine aux \u00c9tats-Unis, alors que le&hellip;\n","protected":false},"author":2,"featured_media":307992,"comment_status":"","ping_status":"","sticky":false,"template":"","format":"standard","meta":{"footnotes":""},"categories":[1589],"tags":[11,340,73,1866,12,1864,1865,1863,308],"class_list":{"0":"post-307991","1":"post","2":"type-post","3":"status-publish","4":"format-standard","5":"has-post-thumbnail","7":"category-etats-unis","8":"tag-actualites","9":"tag-bourse","10":"tag-etats-unis","11":"tag-etats-unis-damerique","12":"tag-news","13":"tag-united-states","14":"tag-united-states-of-america","15":"tag-us","16":"tag-usa"},"share_on_mastodon":{"url":"https:\/\/pubeurope.com\/@fr\/115000561105594573","error":""},"_links":{"self":[{"href":"https:\/\/www.europesays.com\/fr\/wp-json\/wp\/v2\/posts\/307991","targetHints":{"allow":["GET"]}}],"collection":[{"href":"https:\/\/www.europesays.com\/fr\/wp-json\/wp\/v2\/posts"}],"about":[{"href":"https:\/\/www.europesays.com\/fr\/wp-json\/wp\/v2\/types\/post"}],"author":[{"embeddable":true,"href":"https:\/\/www.europesays.com\/fr\/wp-json\/wp\/v2\/users\/2"}],"replies":[{"embeddable":true,"href":"https:\/\/www.europesays.com\/fr\/wp-json\/wp\/v2\/comments?post=307991"}],"version-history":[{"count":0,"href":"https:\/\/www.europesays.com\/fr\/wp-json\/wp\/v2\/posts\/307991\/revisions"}],"wp:featuredmedia":[{"embeddable":true,"href":"https:\/\/www.europesays.com\/fr\/wp-json\/wp\/v2\/media\/307992"}],"wp:attachment":[{"href":"https:\/\/www.europesays.com\/fr\/wp-json\/wp\/v2\/media?parent=307991"}],"wp:term":[{"taxonomy":"category","embeddable":true,"href":"https:\/\/www.europesays.com\/fr\/wp-json\/wp\/v2\/categories?post=307991"},{"taxonomy":"post_tag","embeddable":true,"href":"https:\/\/www.europesays.com\/fr\/wp-json\/wp\/v2\/tags?post=307991"}],"curies":[{"name":"wp","href":"https:\/\/api.w.org\/{rel}","templated":true}]}}