{"id":308007,"date":"2025-08-09T20:01:11","date_gmt":"2025-08-09T20:01:11","guid":{"rendered":"https:\/\/www.europesays.com\/fr\/308007\/"},"modified":"2025-08-09T20:01:11","modified_gmt":"2025-08-09T20:01:11","slug":"guillamoundeguy-deuxieme-de-lirish-challenge-avant-le-dernier-tour-lequipe","status":"publish","type":"post","link":"https:\/\/www.europesays.com\/fr\/308007\/","title":{"rendered":"Guillamoundeguy deuxi\u00e8me de l&#039;Irish Challenge avant le dernier tour &#8211; L&#039;\u00c9quipe"},"content":{"rendered":"<ol>\n<li><a href=\"https:\/\/news.google.com\/rss\/articles\/CBMitAFBVV95cUxNVjN5c3BSZ0IzaVZxeTkwSFlSdzJLQThrLUlvMHZRbkVsYUFfVkdfVllrTWFGT3VpZ0pPNnBPVUFMbXdKRC1FckhpUGlCWEVMNXlNM252Q1ZDanE1anc1TFhaclFva2w2RFpCYkYwRW1RWXRNb1EyOG1tMFBHOXFKREtSSGdldkF5SVM4ZXR5aTZ1TVFtWjBQZGhVbXRTcU5qNjlnd3F0cDdQTDJIQ2VkY0hsNEg?oc=5\" target=\"_blank\" rel=\"nofollow noopener\">Guillamoundeguy deuxi\u00e8me de l&rsquo;Irish Challenge avant le dernier tour<\/a>&nbsp;&nbsp;L&rsquo;\u00c9quipe<\/li>\n<li><a href=\"https:\/\/news.google.com\/rss\/articles\/CBMijwJBVV95cUxPVXlLMk1zT0tDa1NRTlpocmhVbjVrSjl3N08zeURobUYxdkJOVFdHUWNzVU92LXJDRTFjXzFqRm9JS0RLa2c4UFN1NTdoaTB4MDU1VnRiSnlqX1ptaDVack41bzdYM2xPaV9Wb2VOUGJyN2FzeUljdGZqOVdMcDg1R0xWMTc1YldzRjZQcktpREpYU1NQNlBLeFktbU1jOWREWTJpRkQ3ZHB5Ymw3d0cxeWNuc2Y2LXRpb1ZiNEhJTGROYTd1OVpMdHJnTThwZElKdmtrbW5ENlFteGs3NW13U25sM2JScnJBLU1LSko0anRNbzBiSldHRG1UeXNBTGhlVUpyZFQzcTE1RjNUM1lR?oc=5\" target=\"_blank\" rel=\"nofollow noopener\">Golf. HotelPlanner &#8211; Irish Challenge: Sharpstene en t\u00eate en \u00e0 -7, Oihan Guillamoundeguy \u00e0 un coup<\/a>&nbsp;&nbsp;Ouest-France<\/li>\n<li><a href=\"https:\/\/news.google.com\/rss\/articles\/CBMixgFBVV95cUxQS1RmVEx0OVN5NXMyWmxqdnNfZXhkWnYyN3hpaFk0SUk0UnF1dk9XOThPaC10dDRUeXVQaTVnbWQ1dU1JQy15WWRoNWxSbjVrNXhsNG1pWDhpb3pyMjE1SzNMU09uNDljV2FFWG45UFRZYThwZDQ2ODBLcDhSV2NXR2djYmthaTRZTXZTV2h4YnJmLW1MYi1NWFhJWGJsd2RzNDlMNFhmc3E1bzZtOTUwZ05VR2NocG9tOEFNdUQ2aDRkcUFOWEE?oc=5\" target=\"_blank\" rel=\"nofollow noopener\">Guillamoundeguy mais aussi Sale et Etchenique en embuscade avant le week-end en Irlande<\/a>&nbsp;&nbsp;Golf Plan\u00e8te<\/li>\n<li><a href=\"https:\/\/news.google.com\/rss\/articles\/CBMiggJBVV95cUxPS21tZzF4QWRTTUU5dFpJQ3lZTExnVGRuMVVSclAtenpmODJjeHhTTWdGS3Vwb1lhdF9na0lLY0ZnMjc3a3dNTmVYeE96MTAxb05uMFRxWUtNaDVyZkdHU0dVeVZfcHdDelJaSVN2Z1hqaFNOUVlwYWpzU1V0QTU1N3lSQTY4ZjRsYXZoRUJ4bVdIdGJfbmN5eEhyQkNHNE9NcDRYMXlUbFMxVkhwVEdCTkZsUFZfZy1Id0YyeDJ1Q3hjY2ZyZEZzUWluaE1xTU5PSXlXYlRFb2xhdjlVRVZCZ3Y1b0F0dXREcGw1dng5Vk0yOW1RdnpvZXFyZEdHSVdGTUE?oc=5\" target=\"_blank\" rel=\"nofollow noopener\">Challenge Tour Golf &#8211; Yente Van Doren et James Meyer de Beco ne passent pas le cut en Irlande<\/a>&nbsp;&nbsp;La Libre.be<\/li>\n<li><a href=\"https:\/\/news.google.com\/rss\/articles\/CBMi8wFBVV95cUxQS2dtVHUza0ZYclBTSU9MSXFVbENvMk9GYy1ZZmNweWU2Z3djY1pOcWlBVHNvOWxocjNfS2t5UkJ4TGs1elY4MGtncU1ycDdUeGV3UTdsbnpSUG9hR0QwUm9CY0RaclM2MFl1QzRRLVdGXzRhSFBsLU8yNnRqZ2xIdWJlZS1uOEtkbXZwYnRiWWEzbHYxaU5mZ0VSYUVOZnl2T1RhTVlHQ3RhdTF1RUFWQnpuYkJ0X05yZ21kUXVIWFVjcU0zMXpHNW40WHBfUEc4ZTJTVkhYV2VvbFZUNUwwTDc0ck8yRHVIV183RlU5dUx5ekE?oc=5\" target=\"_blank\" rel=\"nofollow noopener\">Challenge Tour &#8211; James Meyer de Beco 32e apr\u00e8s le premier tour du Challenge d&rsquo;Irlande<\/a>&nbsp;&nbsp;DHnet<\/li>\n<\/ol>\n","protected":false},"excerpt":{"rendered":"Guillamoundeguy deuxi\u00e8me de l&rsquo;Irish Challenge avant le dernier tour&nbsp;&nbsp;L&rsquo;\u00c9quipe Golf. HotelPlanner &#8211; Irish Challenge: Sharpstene en t\u00eate en&hellip;\n","protected":false},"author":2,"featured_media":308008,"comment_status":"","ping_status":"","sticky":false,"template":"","format":"standard","meta":{"footnotes":""},"categories":[1418],"tags":[1011,27,1472,60],"class_list":{"0":"post-308007","1":"post","2":"type-post","3":"status-publish","4":"format-standard","5":"has-post-thumbnail","7":"category-golf","8":"tag-fr","9":"tag-france","10":"tag-golf","11":"tag-sports"},"share_on_mastodon":{"url":"https:\/\/pubeurope.com\/@fr\/115000592497853189","error":""},"_links":{"self":[{"href":"https:\/\/www.europesays.com\/fr\/wp-json\/wp\/v2\/posts\/308007","targetHints":{"allow":["GET"]}}],"collection":[{"href":"https:\/\/www.europesays.com\/fr\/wp-json\/wp\/v2\/posts"}],"about":[{"href":"https:\/\/www.europesays.com\/fr\/wp-json\/wp\/v2\/types\/post"}],"author":[{"embeddable":true,"href":"https:\/\/www.europesays.com\/fr\/wp-json\/wp\/v2\/users\/2"}],"replies":[{"embeddable":true,"href":"https:\/\/www.europesays.com\/fr\/wp-json\/wp\/v2\/comments?post=308007"}],"version-history":[{"count":0,"href":"https:\/\/www.europesays.com\/fr\/wp-json\/wp\/v2\/posts\/308007\/revisions"}],"wp:featuredmedia":[{"embeddable":true,"href":"https:\/\/www.europesays.com\/fr\/wp-json\/wp\/v2\/media\/308008"}],"wp:attachment":[{"href":"https:\/\/www.europesays.com\/fr\/wp-json\/wp\/v2\/media?parent=308007"}],"wp:term":[{"taxonomy":"category","embeddable":true,"href":"https:\/\/www.europesays.com\/fr\/wp-json\/wp\/v2\/categories?post=308007"},{"taxonomy":"post_tag","embeddable":true,"href":"https:\/\/www.europesays.com\/fr\/wp-json\/wp\/v2\/tags?post=308007"}],"curies":[{"name":"wp","href":"https:\/\/api.w.org\/{rel}","templated":true}]}}