{"id":308009,"date":"2025-08-09T20:03:15","date_gmt":"2025-08-09T20:03:15","guid":{"rendered":"https:\/\/www.europesays.com\/fr\/308009\/"},"modified":"2025-08-09T20:03:15","modified_gmt":"2025-08-09T20:03:15","slug":"inepuisables-marathoniens-qui-sont-les-joueurs-irremplacables-du-top-14-top-14","status":"publish","type":"post","link":"https:\/\/www.europesays.com\/fr\/308009\/","title":{"rendered":"In\u00e9puisables, marathoniens&#8230; Qui sont les joueurs irrempla\u00e7ables du TOP 14 | Top 14"},"content":{"rendered":"<p>\u00a0<strong>A l\u2019aile ou en troisi\u00e8me ligne aile, il y a des marathoniens<\/strong><\/p>\n<p>\u00a0<\/p>\n<p>Si les regards se portent sur ceux qui ont le plus jou\u00e9 sur ces 5 derni\u00e8res saisons, on retrouve comme en PRO D2 majoritairement des ailiers. Plus pr\u00e9cis\u00e9ment, <strong>ce sont au total 12 ailiers qui se sont plac\u00e9s dans le top 10 des joueurs les plus utilis\u00e9s. <\/strong>Parmi eux, des noms que l\u2019on retrouve \u00e0 plusieurs reprises comme<strong> <\/strong><a href=\"https:\/\/top14.lnr.fr\/joueur\/2437-matthis-lebel\" rel=\"nofollow noopener\" target=\"_blank\"><strong>Matthis Lebel<\/strong><\/a><strong> et <\/strong><a href=\"https:\/\/top14.lnr.fr\/joueur\/2336-aymeric-luc\" rel=\"nofollow noopener\" target=\"_blank\"><strong>Aymeric Luc<\/strong><\/a><strong> <\/strong>pr\u00e9sent sur deux saisons distinctives entre 2020 et 2025.\u00a0<\/p>\n<p>Juste derri\u00e8re, ce sont des avants qui se montrent in\u00e9puisables avec les troisi\u00e8mes lignes. <strong>A l\u2019image de la saison derni\u00e8re, o\u00f9 4 troisi\u00e8mes lignes ont termin\u00e9 dans le top 10 des joueurs les plus utilis\u00e9s <\/strong>avec <a href=\"https:\/\/top14.lnr.fr\/joueur\/431-esteban-abadie\" rel=\"nofollow noopener\" target=\"_blank\"><strong>Esteban Abadie<\/strong><\/a> (9e), <a href=\"https:\/\/prod2.lnr.fr\/joueur\/11840-sione-kalamafoni\" rel=\"nofollow noopener\" target=\"_blank\"><strong>Sione Kalamafoni<\/strong><\/a> (8e), <a href=\"https:\/\/top14.lnr.fr\/joueur\/599-mathieu-babillot\" rel=\"nofollow noopener\" target=\"_blank\"><strong>Mathieu Babillot<\/strong><\/a> (3e) et<a href=\"https:\/\/top14.lnr.fr\/classement\/joueurs\/temps-de-jeu\" rel=\"nofollow noopener\" target=\"_blank\"><strong> le leader avec 1 833 minutes Francisco Gorrissen.<\/strong><\/a><\/p>\n<p>\u00a0<\/p>\n<p><img decoding=\"async\" src=\"https:\/\/www.europesays.com\/fr\/wp-content\/uploads\/2025\/08\/fdae7dd4bff00729d7a96179a42a3a98.jpg\"\/><\/p>\n<p>\u00a0<\/p>\n<p><strong>Infatigable Gabrillagues<\/strong><\/p>\n<p>\u00a0<\/p>\n<p>Si ce sont les ailiers et les troisi\u00e8mes lignes qui ont principalement cumul\u00e9 le plus de minutes sur ces 5 derni\u00e8res saisons, c\u2019est pourtant un seconde ligne qui a le plus jou\u00e9 depuis 2020. <strong>En effet, il s\u2019agit de <\/strong><a href=\"https:\/\/top14.lnr.fr\/joueur\/1789-paul-gabrillagues\" rel=\"nofollow noopener\" target=\"_blank\"><strong>Paul Gabrillagues<\/strong><\/a><strong>, qui a disput\u00e9 depuis la saison 2020-2021 un total de 7 997 minutes avec le Stade Fran\u00e7ais Paris\u00a0!<\/strong> Le joueur \u00e2g\u00e9 de 32 ans devance une petite liste de trois-quarts, avec derri\u00e8re lui <a href=\"https:\/\/top14.lnr.fr\/joueur\/603-geoffrey-palis\" rel=\"nofollow noopener\" target=\"_blank\"><strong>Geoffrey Palis<\/strong><\/a> et 7 893 minutes \u00e0 son actif, et son ancien co\u00e9quipier <a href=\"https:\/\/top14.lnr.fr\/recherche?q=joris%20segonds\" rel=\"nofollow noopener\" target=\"_blank\"><strong>Joris Segonds<\/strong><\/a> qui comptabilise 7 646 minutes.<\/p>\n<p>\u00a0<\/p>\n<p><img decoding=\"async\" src=\"https:\/\/www.europesays.com\/fr\/wp-content\/uploads\/2025\/08\/68f13d6918268083948a7adf76adc427.jpg\"\/><\/p>\n<p>\u00a0<\/p>\n<p><strong>Abadie, un poumon suppl\u00e9mentaire<\/strong><\/p>\n<p>\u00a0<\/p>\n<p>Parmi les r\u00e9cents marathoniens de notre championnat, ces derniers temps ressortent le nom d\u2019<strong>Esteban Abadie<\/strong>. Aujourd\u2019hui flanker du RC Toulon, il est celui qui poss\u00e8de le plus de minutes pass\u00e9es sur une saison du TOP 14 sur les 5 derniers chapitres. <strong>Cela s\u2019est pass\u00e9 lors de la saison 2022-2023<\/strong>, lorsque <strong>Abadie <\/strong>\u00e9tait encore un joueur du CA Brive. Lors de cette campagne o\u00f9 il aura pris part \u00e0 toutes les rencontres de la phase r\u00e9guli\u00e8re (26),<a href=\"https:\/\/top14.lnr.fr\/classement\/joueurs\/temps-de-jeu\/2022-2023\" rel=\"nofollow noopener\" target=\"_blank\"><strong> il aura disput\u00e9 1 969 minutes sur les pelouses de la premi\u00e8re division<\/strong><\/a>.\u00a0<\/p>\n<p>\u00a0<\/p>\n<p><img decoding=\"async\" src=\"https:\/\/www.europesays.com\/fr\/wp-content\/uploads\/2025\/08\/b3aac86d5f73c956147d9f6bf8204780.jpg\"\/><\/p>\n<p>\u00a0<\/p>\n<p><strong>Les premi\u00e8res lignes sont eux aussi dans la course<\/strong><\/p>\n<p>\u00a0<\/p>\n<p>Dans le lot des premi\u00e8res lignes, les piliers et les talonneurs sont souvent ceux qui passent le moins de temps sur la pelouse. Mais certains ont prouv\u00e9 le contraire, avec quelques records \u00e0 la cl\u00e9. <strong>A l\u2019image de <\/strong><a href=\"https:\/\/top14.lnr.fr\/joueur\/638-gaetan-barlot\" rel=\"nofollow noopener\" target=\"_blank\"><strong>Ga\u00ebtan Barlot<\/strong><\/a><strong>, le nouveau talonneur de l\u2019UBB en provenance du CO. Avec Castres, il a disput\u00e9 6 021 minutes sur les 5 derni\u00e8res saisons. <\/strong>Ce qui fait de lui le premi\u00e8re ligne le plus utilis\u00e9 depuis 2020. Dans la lign\u00e9e des talonneurs, il y a \u00e9galement le record de<strong> <\/strong><a href=\"https:\/\/top14.lnr.fr\/joueur\/2354-christopher-tolofua\" rel=\"nofollow noopener\" target=\"_blank\"><strong>Christopher Tolofua<\/strong><\/a><strong>. Lors de la saison 2023-2024, <\/strong><a href=\"https:\/\/top14.lnr.fr\/joueur\/2354-christopher-tolofua\" rel=\"nofollow noopener\" target=\"_blank\"><strong>le talon du RC Toulon puis du Montpellier HR a disput\u00e9 1 758 minutes<\/strong><\/a><strong>,<\/strong> se classant dans le top 10 des joueurs les plus utilis\u00e9s de cette saison (6e).\u00a0<\/p>\n<p>Encore chez les talonneurs, il ne faut pas oublier<a href=\"https:\/\/top14.lnr.fr\/joueur\/1798-mickael-ivaldi\" rel=\"nofollow noopener\" target=\"_blank\"> <strong>Micka\u00ebl Ivaldi<\/strong><\/a><strong>.<\/strong> Alors qu\u2019il a prolong\u00e9 une saison suppl\u00e9mentaire avec Toulon, <strong>il est donc celui qui a disput\u00e9 le plus de matchs en TOP 14 en activit\u00e9 avec 258 rencontres.<\/strong> Mais pour un premi\u00e8re ligne, il est encore \u00e0 des longueurs de <strong>Jean-Baptiste Poux, le pilier aux 303 rencontres dans l\u2019\u00e9lite.<\/strong><\/p>\n<p>\u00a0<\/p>\n<p><img decoding=\"async\" src=\"https:\/\/www.europesays.com\/fr\/wp-content\/uploads\/2025\/08\/343a3d38ec6248f92cc4b058a2da298c.jpg\"\/><\/p>\n","protected":false},"excerpt":{"rendered":"\u00a0A l\u2019aile ou en troisi\u00e8me ligne aile, il y a des marathoniens \u00a0 Si les regards se portent&hellip;\n","protected":false},"author":2,"featured_media":308010,"comment_status":"","ping_status":"","sticky":false,"template":"","format":"standard","meta":{"footnotes":""},"categories":[1416],"tags":[1011,27,479,1468,60],"class_list":{"0":"post-308009","1":"post","2":"type-post","3":"status-publish","4":"format-standard","5":"has-post-thumbnail","7":"category-rugby","8":"tag-fr","9":"tag-france","10":"tag-rugby","11":"tag-rugby-football","12":"tag-sports"},"share_on_mastodon":{"url":"https:\/\/pubeurope.com\/@fr\/115000600564711328","error":""},"_links":{"self":[{"href":"https:\/\/www.europesays.com\/fr\/wp-json\/wp\/v2\/posts\/308009","targetHints":{"allow":["GET"]}}],"collection":[{"href":"https:\/\/www.europesays.com\/fr\/wp-json\/wp\/v2\/posts"}],"about":[{"href":"https:\/\/www.europesays.com\/fr\/wp-json\/wp\/v2\/types\/post"}],"author":[{"embeddable":true,"href":"https:\/\/www.europesays.com\/fr\/wp-json\/wp\/v2\/users\/2"}],"replies":[{"embeddable":true,"href":"https:\/\/www.europesays.com\/fr\/wp-json\/wp\/v2\/comments?post=308009"}],"version-history":[{"count":0,"href":"https:\/\/www.europesays.com\/fr\/wp-json\/wp\/v2\/posts\/308009\/revisions"}],"wp:featuredmedia":[{"embeddable":true,"href":"https:\/\/www.europesays.com\/fr\/wp-json\/wp\/v2\/media\/308010"}],"wp:attachment":[{"href":"https:\/\/www.europesays.com\/fr\/wp-json\/wp\/v2\/media?parent=308009"}],"wp:term":[{"taxonomy":"category","embeddable":true,"href":"https:\/\/www.europesays.com\/fr\/wp-json\/wp\/v2\/categories?post=308009"},{"taxonomy":"post_tag","embeddable":true,"href":"https:\/\/www.europesays.com\/fr\/wp-json\/wp\/v2\/tags?post=308009"}],"curies":[{"name":"wp","href":"https:\/\/api.w.org\/{rel}","templated":true}]}}