{"id":308011,"date":"2025-08-09T20:04:11","date_gmt":"2025-08-09T20:04:11","guid":{"rendered":"https:\/\/www.europesays.com\/fr\/308011\/"},"modified":"2025-08-09T20:04:11","modified_gmt":"2025-08-09T20:04:11","slug":"arthur-rinderknech-soffre-casper-ruud-au-2e-tour-du-masters-1000-de-cincinnati-lequipe","status":"publish","type":"post","link":"https:\/\/www.europesays.com\/fr\/308011\/","title":{"rendered":"Arthur Rinderknech s&#039;offre Casper Ruud au 2e tour du Masters 1000 de Cincinnati &#8211; L&#039;\u00c9quipe"},"content":{"rendered":"<ol>\n<li><a href=\"https:\/\/news.google.com\/rss\/articles\/CBMixwFBVV95cUxOeGVwX0c5dVROWFdOMTA0eC1zdzJyNU11ZkI0TUJpb1c1UEJVN0VrOXl3ZW9xRGlLRmJScWRiSGlYNVRPNEVIdVYtS1hpZTNZRU5IaXBLV1NrRldrUVBtajh1MGVfWTNKQzROSFVTQUdacllUaUtkLUMtMzJEYnd3dFFkcTZTUGJBZnVyb3F5ZjZvcTZhWUFTSUU4cHd6ZGtCMVhQSUZ2X0pERmlpSmFOUWRacnlRWnZsN0dnUzgxYzAxNUctNWxr?oc=5\" target=\"_blank\" rel=\"nofollow noopener\">Arthur Rinderknech s&rsquo;offre Casper Ruud au 2e tour du Masters 1000 de Cincinnati<\/a>&nbsp;&nbsp;L&rsquo;\u00c9quipe<\/li>\n<li><a href=\"https:\/\/news.google.com\/rss\/articles\/CBMiyAFBVV95cUxNc0JtZEpqZnFEbDRlQjZlSlYwbEczVEh6UVB6YWNaTFJld2JFNmlPWnhuV3JlTzlqMjJoUXlsWXB2dDF1Vk8zZUxFZmhMUjZ0MFFEaWxDbHVWOFdmc3oxOGMzbEo1TFpwc2NaM1NWaW5SaVZQZ3ZKRDRJSVRWMlVLMFZEVjA1UGF5YmFVcTdmRjZjaUdEVzZJemFUQ09BVl82eFk2ZWN3OFdtYmlTemV3bjNROFVKUGFVbEtGczBkME14WFpQM0VGUQ?oc=5\" target=\"_blank\" rel=\"nofollow noopener\">Benjamin Bonzi s&rsquo;offre Lorenzo Musetti au deuxi\u00e8me tour du tournoi de Cincinnati<\/a>&nbsp;&nbsp;L&rsquo;\u00c9quipe<\/li>\n<li><a href=\"https:\/\/news.google.com\/rss\/articles\/CBMijwJBVV95cUxOY0NRSDlzbkdzTUhncXhXZnhkVm1xVkkxVkZXbmZjS05rTDQ0blZpaXBiOHJGZldHU2JYX0RQMXVKR2NoSjQySjlKNWthRWVJQ1d6SjBxZU9MM1lXNW9lWG9Mb0l4OWhQaFgxdlctOWZ0YmRZSXpKdDRPN2k1ZTRvdGplV0xnekNqeklMRHpmOEpBeHFGX1pSYUE0Z3JDSkxEaGMzZ28zcnl6STg1WnZMM3RjU2JXeHFXZDJKTHNKelNndElMUzNPWkRTQ3hCWVBneDBRN1RqU2ZQYk5vX1huSzBJYXdaMVpIR1lmalBBZzJrRFIxdUdfWnVfTTRnNHFsOW1RNjNvSlhpYUZFVlNF?oc=5\" target=\"_blank\" rel=\"nofollow noopener\">Grand ciel bleu \u00e0 \u00ab\u00a0Cincy\u00a0\u00bb : Bonzi s&rsquo;offre Musetti, Rinderknech sort Ruud !<\/a>&nbsp;&nbsp;Eurosport<\/li>\n<li><a href=\"https:\/\/news.google.com\/rss\/articles\/CBMitwFBVV95cUxNNHpPVXBFb09ZUUVLVGVfRG9LdHkyYS1IOEluaW5BcnRlcE9tU3gtQlZ6aURCOFh5WmN1QW0tY0I4WVhMdFZ2VUJ3UEkteDgyREl4M3g1aG5xNG1iOWJWczdmRUFnYnZOT3ZOSXhMc2pRNV9RQ184UHEtRnJvUzRVc1V2WGFxb1paVjBZdVRsdjVlcE1xcUc4V0lDX3FKMmdmZU9nZ0tOSlVFNkUyRXZwMVUxZ3hxTUU?oc=5\" target=\"_blank\" rel=\"nofollow noopener\">Tennis : Rinderknech et Bonzi s&rsquo;offrent des t\u00eates de s\u00e9rie \u00e0 Cincinnati<\/a>&nbsp;&nbsp;Le Figaro<\/li>\n<li><a href=\"https:\/\/news.google.com\/rss\/articles\/CBMisgFBVV95cUxNV3ExQUJBS2MwdTM4U0R1V25XMEVWQl9wQjBDN1JzSF9Ddm1xX0xUMUNfOTBCX2kyQU1pX0tMdEQtVjlPdkFrWUw0TmJNamtzckhwQnQtLVlZVWRtdjlJZ2JDNGlPZExuZ0xyNFBuVXhOWlBjZXYyVTBwUURWTEw5ZTRMa19GSUxBREEwazRHM0tzN1d1RENxSGpkQkk5M09XWFVNS2xTb0dpUW5zWF9iR2930gGwAUFVX3lxTE1BRHNYT2x2OUdjZEQtVDVRM2o0V3lhWWllWDdyUnU5MGkyVmM3ZDBFV2xwSm9zVFhWd2tvZ3pteGNxejl2R0hlV0JNczFnVFo0U1NNbFZuQjJQOFZfOTRubW41MmxxQVZmaU81N2pkcVlNSVZNOWcwQzVXSGNBMVlwU2ZYNEFoOFczS0tiLVlOUjFzNkJZNmFGUjJoYjhCRmtPZ01ORU1ia1h3ZGIwaW1R?oc=5\" target=\"_blank\" rel=\"nofollow noopener\">ATP : Mpetshi Perricard, la saison des doutes<\/a>&nbsp;&nbsp;Orange Actualit\u00e9s | Sports<\/li>\n<\/ol>\n","protected":false},"excerpt":{"rendered":"Arthur Rinderknech s&rsquo;offre Casper Ruud au 2e tour du Masters 1000 de Cincinnati&nbsp;&nbsp;L&rsquo;\u00c9quipe Benjamin Bonzi s&rsquo;offre Lorenzo Musetti&hellip;\n","protected":false},"author":2,"featured_media":308012,"comment_status":"","ping_status":"","sticky":false,"template":"","format":"standard","meta":{"footnotes":""},"categories":[1415],"tags":[1011,27,60,1467],"class_list":{"0":"post-308011","1":"post","2":"type-post","3":"status-publish","4":"format-standard","5":"has-post-thumbnail","7":"category-tennis","8":"tag-fr","9":"tag-france","10":"tag-sports","11":"tag-tennis"},"share_on_mastodon":{"url":"https:\/\/pubeurope.com\/@fr\/115000604415368528","error":""},"_links":{"self":[{"href":"https:\/\/www.europesays.com\/fr\/wp-json\/wp\/v2\/posts\/308011","targetHints":{"allow":["GET"]}}],"collection":[{"href":"https:\/\/www.europesays.com\/fr\/wp-json\/wp\/v2\/posts"}],"about":[{"href":"https:\/\/www.europesays.com\/fr\/wp-json\/wp\/v2\/types\/post"}],"author":[{"embeddable":true,"href":"https:\/\/www.europesays.com\/fr\/wp-json\/wp\/v2\/users\/2"}],"replies":[{"embeddable":true,"href":"https:\/\/www.europesays.com\/fr\/wp-json\/wp\/v2\/comments?post=308011"}],"version-history":[{"count":0,"href":"https:\/\/www.europesays.com\/fr\/wp-json\/wp\/v2\/posts\/308011\/revisions"}],"wp:featuredmedia":[{"embeddable":true,"href":"https:\/\/www.europesays.com\/fr\/wp-json\/wp\/v2\/media\/308012"}],"wp:attachment":[{"href":"https:\/\/www.europesays.com\/fr\/wp-json\/wp\/v2\/media?parent=308011"}],"wp:term":[{"taxonomy":"category","embeddable":true,"href":"https:\/\/www.europesays.com\/fr\/wp-json\/wp\/v2\/categories?post=308011"},{"taxonomy":"post_tag","embeddable":true,"href":"https:\/\/www.europesays.com\/fr\/wp-json\/wp\/v2\/tags?post=308011"}],"curies":[{"name":"wp","href":"https:\/\/api.w.org\/{rel}","templated":true}]}}