{"id":308021,"date":"2025-08-09T20:09:17","date_gmt":"2025-08-09T20:09:17","guid":{"rendered":"https:\/\/www.europesays.com\/fr\/308021\/"},"modified":"2025-08-09T20:09:17","modified_gmt":"2025-08-09T20:09:17","slug":"amicaux-aubameyang-relance-la-machine-et-lyon-soffre-une-equipe-espagnole-amicaux-resume","status":"publish","type":"post","link":"https:\/\/www.europesays.com\/fr\/308021\/","title":{"rendered":"Amicaux : Aubameyang relance la machine et Lyon s&rsquo;offre une \u00e9quipe espagnole &#8211; Amicaux &#8211; R\u00e9sum\u00e9"},"content":{"rendered":"<p>Derniers pr\u00e9paratifs avant d\u2019entrer en sc\u00e8ne.<\/p>\n<p>Ce samedi, de nombreuses \u00e9curies de Ligue 1 bouclaient leur pr\u00e9paration avec un dernier amical. \u00c0 Bourgoin-Jallieu, l\u2019OL s\u2019est offert Getafe <strong>(2-1)<\/strong> gr\u00e2ce \u00e0 deux penaltys : le premier transform\u00e9 par Georges Mikautadze (25e), le second r\u00e9ussi par Ainsley Maitland-Niles apr\u00e8s l\u2019expulsion de Djen\u00e9 Dakonam (64e). D\u2019ailleurs, l\u2019\u00e9galisation espagnole avait elle aussi eu lieu sur peno (40e).<\/p>\n<blockquote class=\"twitter-tweet-lazy\">\n<p dir=\"ltr\" lang=\"fr\">Les petits pas de Maitland-Niles avant de tromper le gardien adverse !<\/p>\n<p>On reprend l\u2019avantage \ud83d\udd34\ud83d\udd35<a target=\"_blank\" href=\"https:\/\/t.co\/szeffqHUxE\" rel=\"nofollow\">https:\/\/t.co\/szeffqHUxE<\/a><\/p>\n<p>2-1 <a target=\"_blank\" href=\"https:\/\/twitter.com\/hashtag\/OLGCF?src=hash&amp;ref_src=twsrc%5Etfw\" rel=\"nofollow noopener\">#OLGCF<\/a> <a target=\"_blank\" href=\"https:\/\/t.co\/qtNNouMhlU\" rel=\"nofollow\">pic.twitter.com\/qtNNouMhlU<\/a><\/p>\n<p>\u2014 Olympique Lyonnais (@OL) <a target=\"_blank\" href=\"https:\/\/twitter.com\/OL\/status\/1954249514170118261?ref_src=twsrc%5Etfw\" rel=\"nofollow noopener\">August 9, 2025<\/a><\/p>\n<\/blockquote>\n<p>Au V\u00e9lodrome, Pierre-Emerick Aubameyang a retrouv\u00e9 le chemin des filets sous les couleurs de l\u2019OM, pour sa deuxi\u00e8me rencontre depuis son retour en Provence. Gr\u00e2ce \u00e0 ses deux r\u00e9alisations en trois minutes (76e et 79e), Marseille s\u2019est offert l\u2019Aston Villa d\u2019un certain Boubacar Kamara, siffl\u00e9 pour son retour \u00e0 la maison <strong>(3-1)<\/strong>. L\u2019occasion aussi <a target=\"_blank\" href=\"https:\/\/www.sofoot.com\/breves\/mercato-evann-guessand-sengage-officiellement-avec-aston-villa\" rel=\"noopener nofollow\">pour Evann Guessand d\u2019\u00e9trenner son nouveau maillot<\/a>.<\/p>\n<p>Enfin, \u00e0 la Beaujoire, en avant-go\u00fbt de cette saison de Ligue 1, le Paris FC est venu l\u2019emporter sur la pelouse d\u2019un <a target=\"_blank\" href=\"https:\/\/www.sofoot.com\/breves\/fc-nantes-amady-camara-arrive-en-provenance-de-sturm-graz-pendant-que-matthis-abline-part-au-bras-de-fer\" rel=\"noopener nofollow\">FC Nantes priv\u00e9 de Matthis Abline<\/a> <strong>(2-3)<\/strong> gr\u00e2ce \u00e0 Jean-Philippe Krasso, Alimami Gory et Ilan Kebbal, et ce malgr\u00e9 un bon Mostafa Mohamed c\u00f4t\u00e9 nantais (un but, une passe d\u00e9cisive).<\/p>\n<p>Rendez-vous dans une semaine pour le retour des choses s\u00e9rieuses.<\/p>\n<p><strong><img decoding=\"async\" loading=\"lazy\" class=\"blason blason-petit\" src=\"https:\/\/www.europesays.com\/fr\/wp-content\/uploads\/2025\/04\/1744060359_779_grande.jpg\"\/> Marseille 3-1 Aston Villa <img decoding=\"async\" loading=\"lazy\" class=\"blason blason-petit\" src=\"https:\/\/www.europesays.com\/fr\/wp-content\/uploads\/2025\/05\/1748195355_762_grande.jpg\"\/><\/strong><\/p>\n<p>Buts : Greenwood (5e) &amp; Aubameyang (76e, 79e) pour l\u2019OM \/\/ McGinn (8e) pour Villa<\/p>\n<p><strong><img decoding=\"async\" loading=\"lazy\" class=\"blason blason-petit\" src=\"https:\/\/www.europesays.com\/fr\/wp-content\/uploads\/2025\/04\/grande.jpg\"\/> Lyon 2-1 Getafe <img decoding=\"async\" loading=\"lazy\" class=\"blason blason-petit\" src=\"https:\/\/www.europesays.com\/fr\/wp-content\/uploads\/2025\/08\/1754770155_586_grande.jpg\"\/><\/strong><\/p>\n<p>Buts : Mikautadze (25e) &amp; Maitland-Niles (64e) pour l\u2019OL \/\/ Milla (39e) pour Getafe<\/p>\n<p>Expulsion : Djen\u00e9 (62e) pour Getafe<\/p>\n<p><strong><img decoding=\"async\" loading=\"lazy\" class=\"blason blason-petit\" src=\"https:\/\/www.europesays.com\/fr\/wp-content\/uploads\/2025\/04\/1745035705_78_grande.jpg\"\/> Nantes 2-3 Paris FC <img decoding=\"async\" loading=\"lazy\" class=\"blason blason-petit\" src=\"https:\/\/www.europesays.com\/fr\/wp-content\/uploads\/2025\/04\/1744621099_337_grande.jpg\"\/><\/strong><\/p>\n<p>M. Mohamed (19e) &amp; Leroux (43e) pour le FCN \/\/ Krasso (14e), Gory (49e) &amp; Kebbal (53e) pour le PFC<\/p>\n<p>\t\t\t\t\t\t\t\t\t\t<a class=\"lien-connexe\" href=\"https:\/\/www.sofoot.com\/breves\/rennes-om-et-nantes-psg-on-connait-les-affiches-de-la-premiere-journee-de-ligue-1\" rel=\"nofollow noopener\" target=\"_blank\">D\u00e9couvrez les affiches de la premi\u00e8re journ\u00e9e de Ligue 1<\/a>\t\t\t\t\t<script async src=\"https:\/\/platform.twitter.com\/widgets.js\" charset=\"utf-8\"><\/script><\/p>\n","protected":false},"excerpt":{"rendered":"Derniers pr\u00e9paratifs avant d\u2019entrer en sc\u00e8ne. Ce samedi, de nombreuses \u00e9curies de Ligue 1 bouclaient leur pr\u00e9paration avec&hellip;\n","protected":false},"author":2,"featured_media":308022,"comment_status":"","ping_status":"","sticky":false,"template":"","format":"standard","meta":{"footnotes":""},"categories":[1410],"tags":[47,61,69,65,64,63,1011,27,68,66,62,70,67,60],"class_list":{"0":"post-308021","1":"post","2":"type-post","3":"status-publish","4":"format-standard","5":"has-post-thumbnail","7":"category-football","8":"tag-actualite","9":"tag-actus-football","10":"tag-bundesliga","11":"tag-championnats-europeens","12":"tag-equipe-de-france","13":"tag-football","14":"tag-fr","15":"tag-france","16":"tag-ligua","17":"tag-ligue-1","18":"tag-news-foot","19":"tag-premier-league","20":"tag-serie-a","21":"tag-sports"},"share_on_mastodon":{"url":"https:\/\/pubeurope.com\/@fr\/115000624317840294","error":""},"_links":{"self":[{"href":"https:\/\/www.europesays.com\/fr\/wp-json\/wp\/v2\/posts\/308021","targetHints":{"allow":["GET"]}}],"collection":[{"href":"https:\/\/www.europesays.com\/fr\/wp-json\/wp\/v2\/posts"}],"about":[{"href":"https:\/\/www.europesays.com\/fr\/wp-json\/wp\/v2\/types\/post"}],"author":[{"embeddable":true,"href":"https:\/\/www.europesays.com\/fr\/wp-json\/wp\/v2\/users\/2"}],"replies":[{"embeddable":true,"href":"https:\/\/www.europesays.com\/fr\/wp-json\/wp\/v2\/comments?post=308021"}],"version-history":[{"count":0,"href":"https:\/\/www.europesays.com\/fr\/wp-json\/wp\/v2\/posts\/308021\/revisions"}],"wp:featuredmedia":[{"embeddable":true,"href":"https:\/\/www.europesays.com\/fr\/wp-json\/wp\/v2\/media\/308022"}],"wp:attachment":[{"href":"https:\/\/www.europesays.com\/fr\/wp-json\/wp\/v2\/media?parent=308021"}],"wp:term":[{"taxonomy":"category","embeddable":true,"href":"https:\/\/www.europesays.com\/fr\/wp-json\/wp\/v2\/categories?post=308021"},{"taxonomy":"post_tag","embeddable":true,"href":"https:\/\/www.europesays.com\/fr\/wp-json\/wp\/v2\/tags?post=308021"}],"curies":[{"name":"wp","href":"https:\/\/api.w.org\/{rel}","templated":true}]}}