{"id":308025,"date":"2025-08-09T20:11:10","date_gmt":"2025-08-09T20:11:10","guid":{"rendered":"https:\/\/www.europesays.com\/fr\/308025\/"},"modified":"2025-08-09T20:11:10","modified_gmt":"2025-08-09T20:11:10","slug":"lartiste-patrick-marziale-expose-sa-passion-pour-la-baie-de-douarnenez-a-la-galerie-du-quai-de-lyser-a-treboul","status":"publish","type":"post","link":"https:\/\/www.europesays.com\/fr\/308025\/","title":{"rendered":"L\u2019artiste Patrick Marziale expose sa passion pour la baie de Douarnenez \u00e0 la galerie du quai de l\u2019Yser \u00e0 Tr\u00e9boul"},"content":{"rendered":"<p>Depuis le 1er ao\u00fbt l\u2019artiste Patrick Marziale expose ses toiles et ses dessins dans la galerie du quai de l\u2019Yser \u00e0 Tr\u00e9boul (Douarnenez), face au march\u00e9. Cet ancien professeur d\u2019arts plastiques et de cin\u00e9ma couche sur la toile sa passion pour la baie de Douarnenez\u00a0: ses lumi\u00e8res, ses couleurs, ses mouvements, les reflets de la mer. Au gr\u00e9 des saisons, du cap de la Ch\u00e8vre \u00e0 la pointe du Raz, Patrick Marziale arpente le bord de mer, son intarissable source d\u2019inspiration. \u00ab\u00a0Je me d\u00e9finis comme un peintre de mer. En fonction des mar\u00e9es, des avis de temp\u00eates, je prends ce que m\u2019offre la mer. Et je n\u2019ai pas besoin de me forcer, la baie est magnifique\u00a0\u00bb, s\u2019enthousiasme le peintre.<\/p>\n<p>Patrick Marziale travaille aussi par s\u00e9ries. Ainsi, dans la galerie du quai de l\u2019Yser, le peintre pr\u00e9sente plusieurs toiles d\u2019une s\u00e9rie sur les pontons du Port-Rhu. Dans les \u0153uvres de Patrick Marziale, transpire la passion de l\u2019artiste pour la baie de Douarnenez. Patrick Marziale propose aussi des cartes postales de ses cr\u00e9ations.<\/p>\n<p><b>Pratique<\/b><\/p>\n<p class=\"note\">Exposition visible jusqu\u2019au 24 ao\u00fbt, au 1 quai de l\u2019Yser \u00e0 Douarnenez, du mercredi au dimanche, de 10\u00a0h\u00a030 \u00e0 12\u00a0h\u00a015 et de 17\u00a0h \u00e0 19\u00a0h.<\/p>\n","protected":false},"excerpt":{"rendered":"Depuis le 1er ao\u00fbt l\u2019artiste Patrick Marziale expose ses toiles et ses dessins dans la galerie du quai&hellip;\n","protected":false},"author":2,"featured_media":308026,"comment_status":"","ping_status":"","sticky":false,"template":"","format":"standard","meta":{"footnotes":""},"categories":[1358],"tags":[3734,1348,1384,1385,251,1386,58,3320,59,3293,1011,27],"class_list":{"0":"post-308025","1":"post","2":"type-post","3":"status-publish","4":"format-standard","5":"has-post-thumbnail","7":"category-arts-et-design","8":"tag-art","9":"tag-arts","10":"tag-arts-and-design","11":"tag-arts-et-design","12":"tag-culture","13":"tag-design","14":"tag-divertissement","15":"tag-douarnenez","16":"tag-entertainment","17":"tag-exposition","18":"tag-fr","19":"tag-france"},"share_on_mastodon":{"url":"https:\/\/pubeurope.com\/@fr\/115000631895611786","error":""},"_links":{"self":[{"href":"https:\/\/www.europesays.com\/fr\/wp-json\/wp\/v2\/posts\/308025","targetHints":{"allow":["GET"]}}],"collection":[{"href":"https:\/\/www.europesays.com\/fr\/wp-json\/wp\/v2\/posts"}],"about":[{"href":"https:\/\/www.europesays.com\/fr\/wp-json\/wp\/v2\/types\/post"}],"author":[{"embeddable":true,"href":"https:\/\/www.europesays.com\/fr\/wp-json\/wp\/v2\/users\/2"}],"replies":[{"embeddable":true,"href":"https:\/\/www.europesays.com\/fr\/wp-json\/wp\/v2\/comments?post=308025"}],"version-history":[{"count":0,"href":"https:\/\/www.europesays.com\/fr\/wp-json\/wp\/v2\/posts\/308025\/revisions"}],"wp:featuredmedia":[{"embeddable":true,"href":"https:\/\/www.europesays.com\/fr\/wp-json\/wp\/v2\/media\/308026"}],"wp:attachment":[{"href":"https:\/\/www.europesays.com\/fr\/wp-json\/wp\/v2\/media?parent=308025"}],"wp:term":[{"taxonomy":"category","embeddable":true,"href":"https:\/\/www.europesays.com\/fr\/wp-json\/wp\/v2\/categories?post=308025"},{"taxonomy":"post_tag","embeddable":true,"href":"https:\/\/www.europesays.com\/fr\/wp-json\/wp\/v2\/tags?post=308025"}],"curies":[{"name":"wp","href":"https:\/\/api.w.org\/{rel}","templated":true}]}}