{"id":308027,"date":"2025-08-09T20:12:18","date_gmt":"2025-08-09T20:12:18","guid":{"rendered":"https:\/\/www.europesays.com\/fr\/308027\/"},"modified":"2025-08-09T20:12:18","modified_gmt":"2025-08-09T20:12:18","slug":"le-bonheur-de-paul-kawczak-tout-ce-qui-est-cache","status":"publish","type":"post","link":"https:\/\/www.europesays.com\/fr\/308027\/","title":{"rendered":"Le bonheur, de Paul Kawczak | Tout ce qui est cach\u00e9"},"content":{"rendered":"<p class=\"lead textModule textModule--type-lead \" style=\"\">T\u00e9n\u00e8bre, son premier roman, a cr\u00e9\u00e9 une forte impression et remport\u00e9 de nombreux prix. Avec Le bonheur, Paul Kawczak confirme la singularit\u00e9 de sa voix romanesque, et offre un r\u00e9cit aux ramifications multiples, d\u2019une beaut\u00e9 obscure et \u00e9mouvante, \u00e0 la lecture aussi passionnante qu\u2019exigeante.<\/p>\n<p>                    Publi\u00e9 \u00e0 9\u00a0h\u00a000<\/p>\n<p>    <a class=\"print\" href=\"https:\/\/www.lapresse.ca\/arts\/litterature\/le-12-aout-j-achete-un-livre-quebecois\/nos-critiques-des-sorties-recentes\/2025-08-09\/le-bonheur-de-paul-kawczak\/javascript:window.print();\" title=\"Imprimer la page\" rel=\"nofollow noopener\" target=\"_blank\"><\/p>\n<p>        <img loading=\"lazy\" decoding=\"async\" width=\"16\" height=\"18\" src=\"https:\/\/www.europesays.com\/fr\/wp-content\/uploads\/2025\/04\/share-icon.png\" alt=\"Partager\"\/><\/p>\n<p class=\"paragraph textModule textModule--type-paragraph \" style=\"\">La trame narrative du Bonheur se d\u00e9ploie durant la p\u00e9riode de l\u2019Occupation, en France, particuli\u00e8rement \u00e0 Besan\u00e7on, d\u2019o\u00f9 Kawczak est originaire. L\u2019histoire met en sc\u00e8ne trois enfants cach\u00e9s dans une grotte noire comme la nuit, o\u00f9 se tapit aussi le Diable. Pinou, Jacquot et Suzanne tentent d\u2019\u00e9chapper \u00e0 une autre sorte de d\u00e9mon, un nazi au visage fondu, qui les traque sans rel\u00e2che. Touchant au conte et au fantastique, mais aussi au r\u00e9cit d\u2019aventures, le roman suit la destin\u00e9e de ces enfants, ainsi que celles de Marceline Beugnot, de son chien Foie de veau et d\u2019autres alli\u00e9s \u2013 r\u00e9els comme imaginaires \u2013 qui tenteront d\u00e9sesp\u00e9r\u00e9ment de sauver les enfants des griffes du sadique SS-Sturmbannf\u00fchrer Peter Pannus, obs\u00e9d\u00e9 par sa qu\u00eate d\u2019une myst\u00e9rieuse lumi\u00e8re verte.<\/p>\n<p class=\"paragraph textModule textModule--type-paragraph \" style=\"\">L\u2019auteur fait plusieurs d\u00e9tours et retours en arri\u00e8re, s\u2019attardant parfois longuement au pass\u00e9 de ses personnages, entrela\u00e7ant les trames de leurs existences \u00e0 plusieurs mouvements sociaux et politiques, dont la grande manifestation du 1er\u00a0mai\u00a01906 en France, qui marquera \u00e0 jamais la vie de Marceline et de son p\u00e8re, Tancr\u00e8de.<\/p>\n<p class=\"paragraph textModule textModule--type-paragraph \" style=\"\">Kawczak nous rappelle aussi que la France \u00ab\u00a0a contribu\u00e9 activement \u00e0 la d\u00e9portation de dizaines de milliers d\u2019hommes, de femmes et d\u2019enfants vers des camps d\u2019extermination\u00a0\u00bb, o\u00f9 la plupart ont \u00e9t\u00e9 gaz\u00e9s d\u00e8s leur arriv\u00e9e. Dans un chapitre de 25\u00a0pages intitul\u00e9 \u00ab\u00a01942\u00a0\u00bb, il en fait la d\u00e9monstration sous forme de nomenclature factuelle particuli\u00e8rement p\u00e9nible \u00e0 lire, o\u00f9 l\u2019accumulation des vies vol\u00e9es donne le haut-le-c\u0153ur. Un chapitre d\u00e9rangeant, une rupture de ton, comme un devoir de m\u00e9moire que l\u2019auteur refuse de romancer. L\u2019horreur n\u2019a plus de paravent o\u00f9 se cacher.<\/p>\n<p class=\"paragraph textModule textModule--type-paragraph \" style=\"\">Chez Paul Kawczak, les horreurs caus\u00e9es par le fascisme et l\u2019indicible beaut\u00e9 de la nature, d\u00e9crite dans toute sa splendeur divine avec une plume frissonnante, existent dans une simultan\u00e9it\u00e9 douloureuse, quasi mystique. Intime et politique, tangible et intangible, bonheur et terreur sont entrelac\u00e9s dans une \u00e9nigme insoluble, belle et terrifiante, comme l\u2019existence.<\/p>\n<p class=\"paragraph textModule textModule--type-paragraph \" style=\"\">Le roman pourrait ainsi se conclure\u00a0; mais une deuxi\u00e8me partie est pr\u00e9sent\u00e9e comme un \u00e9pilogue \u00ab\u00a0\u00e9clairant certaines zones d\u2019ombres, d\u00e9voilant de nouveaux territoires\u00a0\u00bb que l\u2019auteur invite \u00e0 lire\u2026 ou pas, et qui offre plusieurs cl\u00e9s de lecture.<\/p>\n<p class=\"paragraph textModule textModule--type-paragraph \" style=\"\">Cette \u0153uvre touffue, fascinante, mais aussi d\u00e9concertante, demande un engagement actif du lecteur, et reste empreinte, une fois le livre referm\u00e9, d\u2019une aura de myst\u00e8re sur \u00ab\u00a0tout ce qui est cach\u00e9\u00a0\u00bb.<\/p>\n<p>\t\t<img decoding=\"async\" src=\"https:\/\/www.europesays.com\/fr\/wp-content\/uploads\/2025\/08\/f8c954c13a293f79bc259bc8d19e9b97.jpg\" alt=\"Le bonheur\" itemprop=\"image\"\/><\/p>\n<p class=\"reviewModule__title name\" itemprop=\"name\">Le bonheur<\/p>\n<p class=\"reviewModule__author\" itemprop=\"author\" itemscope=\"\" itemtype=\"https:\/\/schema.org\/Person\">Paul Kawczak<\/p>\n<p class=\"reviewModule__publisher\" itemprop=\"publisher\" itemscope=\"\" itemtype=\"https:\/\/schema.org\/Organization\">La Peuplade<\/p>\n<p class=\"reviewModule__pageCount\">384 pages<\/p>\n<p class=\"reviewModule__rating rating\">\t\t\t7,5\/10\n\t<\/p>\n","protected":false},"excerpt":{"rendered":"T\u00e9n\u00e8bre, son premier roman, a cr\u00e9\u00e9 une forte impression et remport\u00e9 de nombreux prix. Avec Le bonheur, Paul&hellip;\n","protected":false},"author":2,"featured_media":308028,"comment_status":"","ping_status":"","sticky":false,"template":"","format":"standard","meta":{"footnotes":""},"categories":[1357],"tags":[1379,58,59,1011,27,1380],"class_list":{"0":"post-308027","1":"post","2":"type-post","3":"status-publish","4":"format-standard","5":"has-post-thumbnail","7":"category-livres","8":"tag-books","9":"tag-divertissement","10":"tag-entertainment","11":"tag-fr","12":"tag-france","13":"tag-livres"},"share_on_mastodon":{"url":"https:\/\/pubeurope.com\/@fr\/115000635915026994","error":""},"_links":{"self":[{"href":"https:\/\/www.europesays.com\/fr\/wp-json\/wp\/v2\/posts\/308027","targetHints":{"allow":["GET"]}}],"collection":[{"href":"https:\/\/www.europesays.com\/fr\/wp-json\/wp\/v2\/posts"}],"about":[{"href":"https:\/\/www.europesays.com\/fr\/wp-json\/wp\/v2\/types\/post"}],"author":[{"embeddable":true,"href":"https:\/\/www.europesays.com\/fr\/wp-json\/wp\/v2\/users\/2"}],"replies":[{"embeddable":true,"href":"https:\/\/www.europesays.com\/fr\/wp-json\/wp\/v2\/comments?post=308027"}],"version-history":[{"count":0,"href":"https:\/\/www.europesays.com\/fr\/wp-json\/wp\/v2\/posts\/308027\/revisions"}],"wp:featuredmedia":[{"embeddable":true,"href":"https:\/\/www.europesays.com\/fr\/wp-json\/wp\/v2\/media\/308028"}],"wp:attachment":[{"href":"https:\/\/www.europesays.com\/fr\/wp-json\/wp\/v2\/media?parent=308027"}],"wp:term":[{"taxonomy":"category","embeddable":true,"href":"https:\/\/www.europesays.com\/fr\/wp-json\/wp\/v2\/categories?post=308027"},{"taxonomy":"post_tag","embeddable":true,"href":"https:\/\/www.europesays.com\/fr\/wp-json\/wp\/v2\/tags?post=308027"}],"curies":[{"name":"wp","href":"https:\/\/api.w.org\/{rel}","templated":true}]}}