{"id":308029,"date":"2025-08-09T20:13:11","date_gmt":"2025-08-09T20:13:11","guid":{"rendered":"https:\/\/www.europesays.com\/fr\/308029\/"},"modified":"2025-08-09T20:13:11","modified_gmt":"2025-08-09T20:13:11","slug":"qui-sont-les-invites-de-ce-samedi-9-aout","status":"publish","type":"post","link":"https:\/\/www.europesays.com\/fr\/308029\/","title":{"rendered":"qui sont les invit\u00e9s de ce samedi 9 ao\u00fbt ?"},"content":{"rendered":"<p style=\"text-align:justify; margin-bottom:11px\">La 36e saison de Fort Boyard se poursuit sur France 2 et la plateforme france.tv. Une 36e saison plac\u00e9e sous le signe des \u00ab\u00a0origines\u00a0\u00bb, puisqu\u2019elle met notamment en avant des personnages et des \u00e9preuves embl\u00e9matiques de l\u2019\u00e9mission. Ce samedi 9 ao\u00fbt, l\u2019animateur <a href=\"https:\/\/www.diverto.tv\/actualites\/tele\/olivier-minne-etait-tres-emu-un-candidat-raconte-les-coulisses-de-la-derniere-saison-du-presentateur-dans-fort-boyard\" rel=\"nofollow noopener\" target=\"_blank\">Olivier Minne<\/a> accueille une nouvelle \u00e9quipe, conduite par le chef cuisinier Philippe Etchebest. Ce dernier est accompagn\u00e9 d\u2019Ang\u00e9lique Angarni-Filopon, Miss France 2025, Sylvie Tellier, Miss France 2002 et pr\u00e9sidente de l\u2019association Les bonnes f\u00e9es, Monsieur Poulpe et Paul Scarfoglio, com\u00e9diens, et Lebouseuh, Youtubeur. L\u2019\u00e9quipe joue pour l\u2019association Pompiers Solidaires. Dans un communiqu\u00e9 de presse, France T\u00e9l\u00e9visions la pr\u00e9sente\u00a0: \u00ab\u00a0Pompiers Solidaires\u00a0est une association humanitaire d\u2019int\u00e9r\u00eat g\u00e9n\u00e9ral qui agit localement et \u00e0 l\u2019international pour sauver des vies et soutenir les populations vuln\u00e9rables face aux risques et catastrophes. Elle s\u2019appuie sur des b\u00e9n\u00e9voles issus des m\u00e9tiers du secours, du m\u00e9dical et de la logistique. Ses missions : formation, pr\u00e9vention, acc\u00e8s \u00e0 l\u2019eau et \u00e0 la sant\u00e9, et r\u00e9duction des in\u00e9galit\u00e9s Nord-Sud. En urgence, son\u00a0Unit\u00e9 de secours internationale (USI)\u00a0intervient rapidement tout en respectant les contextes culturels et sociaux\u00a0\u00bb.\u00a0<\/p>\n<p>Huiti\u00e8me participation pour Philippe Etchebest<\/p>\n<p>Ce samedi 9 ao\u00fbt, <a href=\"https:\/\/www.diverto.tv\/actualites\/tele\/cauchemar-en-cuisine-lintervention-du-chef-etchebest-a-t-elle-vraiment-sauve-le-restaurant-de-criquebeuf-sur-seine\" rel=\"nofollow noopener\" target=\"_blank\">Philippe Etchebest<\/a> signe sa huiti\u00e8me participation \u00e0 Fort Boyard\u00a0! Le chef cuisinier, par ailleurs un des visages du groupe M6, o\u00f9 il est connu pour l&rsquo;\u00e9mission\u00a0Cauchemar en cuisine et pour faire partie de Top Chef, affiche un objectif clair\u00a0: passer le cap des 20\u00a0000 \u20ac. \u00c0 ce jour, le record de gains de la saison 2025 a \u00e9t\u00e9 d\u00e9croch\u00e9 par <a href=\"https:\/\/www.diverto.tv\/actualites\/tele\/fort-boyard-pourquoi-stephane-bern-a-finalement-accepte-de-participer-a-lemission-de-france-2\" rel=\"nofollow noopener\" target=\"_blank\">l\u2019\u00e9quipe de St\u00e9phane Bern<\/a>, qui avait remport\u00e9, lors du num\u00e9ro diffus\u00e9 le 19 juillet dernier, 20\u00a0538 \u20ac. St\u00e9phane Bern \u00e9tait alors entour\u00e9 de\u00a0Fr\u00e9d\u00e9rick Bousquet, Virginie Sainsily, Marie s\u2019infiltre, Jimmy Mohamed, et Th\u00e9o Curin. Philippe Etchebest et ses camardes arriveront-ils \u00e0 battre ce record\u00a0?<\/p>\n<p><a href=\"https:\/\/www.diverto.tv\/actualites\/tele\/fort-boyard-2025-quelle-somme-les-candidats-ont-ils-remportee-ce-samedi-2-aout\" rel=\"nofollow noopener\" target=\"_blank\">Fort Boyard <\/a>est diffus\u00e9 chaque samedi sur France 2, \u00e0 21h10, et est disponible sur la plateforme france.tv. Le programme est pr\u00e9sent\u00e9 par Olivier Minne, qui quittera \u00e0 la fin de cette saison le jeu qu\u2019il portait depuis 22 ans.\u00a0<\/p>\n","protected":false},"excerpt":{"rendered":"La 36e saison de Fort Boyard se poursuit sur France 2 et la plateforme france.tv. Une 36e saison&hellip;\n","protected":false},"author":2,"featured_media":308030,"comment_status":"","ping_status":"","sticky":false,"template":"","format":"standard","meta":{"footnotes":""},"categories":[1356],"tags":[58,59,1011,27,252,1364],"class_list":{"0":"post-308029","1":"post","2":"type-post","3":"status-publish","4":"format-standard","5":"has-post-thumbnail","7":"category-television","8":"tag-divertissement","9":"tag-entertainment","10":"tag-fr","11":"tag-france","12":"tag-television","13":"tag-tv"},"share_on_mastodon":{"url":"https:\/\/pubeurope.com\/@fr\/115000639950400226","error":""},"_links":{"self":[{"href":"https:\/\/www.europesays.com\/fr\/wp-json\/wp\/v2\/posts\/308029","targetHints":{"allow":["GET"]}}],"collection":[{"href":"https:\/\/www.europesays.com\/fr\/wp-json\/wp\/v2\/posts"}],"about":[{"href":"https:\/\/www.europesays.com\/fr\/wp-json\/wp\/v2\/types\/post"}],"author":[{"embeddable":true,"href":"https:\/\/www.europesays.com\/fr\/wp-json\/wp\/v2\/users\/2"}],"replies":[{"embeddable":true,"href":"https:\/\/www.europesays.com\/fr\/wp-json\/wp\/v2\/comments?post=308029"}],"version-history":[{"count":0,"href":"https:\/\/www.europesays.com\/fr\/wp-json\/wp\/v2\/posts\/308029\/revisions"}],"wp:featuredmedia":[{"embeddable":true,"href":"https:\/\/www.europesays.com\/fr\/wp-json\/wp\/v2\/media\/308030"}],"wp:attachment":[{"href":"https:\/\/www.europesays.com\/fr\/wp-json\/wp\/v2\/media?parent=308029"}],"wp:term":[{"taxonomy":"category","embeddable":true,"href":"https:\/\/www.europesays.com\/fr\/wp-json\/wp\/v2\/categories?post=308029"},{"taxonomy":"post_tag","embeddable":true,"href":"https:\/\/www.europesays.com\/fr\/wp-json\/wp\/v2\/tags?post=308029"}],"curies":[{"name":"wp","href":"https:\/\/api.w.org\/{rel}","templated":true}]}}