{"id":308031,"date":"2025-08-09T20:14:12","date_gmt":"2025-08-09T20:14:12","guid":{"rendered":"https:\/\/www.europesays.com\/fr\/308031\/"},"modified":"2025-08-09T20:14:12","modified_gmt":"2025-08-09T20:14:12","slug":"on-exclut-ginger-et-posh-de-leau-dans-le-gaz-chez-les-spice-girls-victoria-beckham-pas-epargnee","status":"publish","type":"post","link":"https:\/\/www.europesays.com\/fr\/308031\/","title":{"rendered":"\u201cOn exclut Ginger et Posh\u201d : de l\u2019eau dans le gaz chez les Spice Girls ? Victoria Beckham pas \u00e9pargn\u00e9e"},"content":{"rendered":"<p><a href=\"https:\/\/www.closermag.fr\/people\/victoria-beckham-a-loccasion-de-la-fete-des-peres-elle-tente-un-rapprochement-avec-brooklyn-3554960\" target=\"_blank\" rel=\"noopener\"><br \/>\nVictoria Beckham<\/a> fait actuellement la une pour ses vacances en<br \/>\nfamille \u00e0 <a href=\"https:\/\/www.closermag.fr\/people\/les-beckham-a-saint-tropez-victoria-se-serait-bien-passee-de-cette-prise-de-parole-acide-de-la-maitresse-presumee-de-david-3568939\" target=\"_blank\" rel=\"noopener\"><br \/>\nSaint-Tropez<\/a>. Elle profite du soleil \u00e0 bord de leur yacht priv\u00e9<br \/>\navec <a href=\"https:\/\/www.closermag.fr\/people\/je-donnerais-cher-pour-cette-confession-rare-et-touchante-de-david-beckham-sur-ses-enfants-3526880\" target=\"_blank\" rel=\"noopener\"><br \/>\nDavid Beckham<\/a> et leurs enfants Romeo, Cruz et Harper.<br \/>\n<strong>Brooklyn<\/strong>, lui, est absent, tout comme sa femme<br \/>\nNicola Peltz. Ces tensions ont cr\u00e9\u00e9 un froid au sein du clan,<br \/>\nalimentant les sp\u00e9culations sur l\u2019\u00e9tat des relations<br \/>\nfamiliales.<\/p>\n<p>Parall\u00e8lement \u00e0 ces frictions familiales, la chanteuse et<br \/>\nstyliste doit aussi g\u00e9rer des <strong>tensions avec son groupe<br \/>\nmythiqu<\/strong>e, les Spice Girls. Plusieurs membres semblent<br \/>\ndivis\u00e9es, ce qui complique toute perspective de retrouvailles.<br \/>\nCette situation soul\u00e8ve des doutes quant \u00e0 une \u00e9ventuelle r\u00e9union<br \/>\nprochaine.<\/p>\n<p><strong>Victoria Beckham \u00e9vinc\u00e9e<br \/>\ndu groupe ?<\/strong><\/p>\n<p>Leur tube Wannabe affirmait que \u00ab\u00a0l\u2019amiti\u00e9 ne finit<br \/>\njamais\u00a0\u00bb Pourtant, les <a href=\"https:\/\/www.closermag.fr\/people\/spice-girls-leurs-retrouvailles-en-lambeaux-deux-membres-ne-veulent-plus-se-voir-3466011\" target=\"_blank\" rel=\"noopener\"><br \/>\nSpice Girls<\/a> semblent avoir chang\u00e9 d\u2019avis. Malgr\u00e9 les rumeurs de<br \/>\nr\u00e9union, des tensions internes persistent. Cela rend un retour du<br \/>\ngroupe peu probable. Mel C a r\u00e9cemment laiss\u00e9 entendre ce constat<br \/>\nlors d\u2019une interview avec la presse australienne, reprise par le<br \/>\nDaily Mail. Elle a r\u00e9v\u00e9l\u00e9 qu&rsquo;elles communiquaient encore via<br \/>\n<strong>WhatsApp<\/strong>.<\/p>\n<p>Cependant, plusieurs sous-groupes avaient \u00e9t\u00e9 cr\u00e9\u00e9s. Certains de<br \/>\nces groupes ne l&rsquo;incluaient pas. \u00ab\u00a0Il y a des sous-groupes au<br \/>\nsein du groupe\u00a0\u00bb, a-t-elle confi\u00e9. Elle a ajout\u00e9 : \u00ab\u00a0Je sais<br \/>\npertinemment qu\u2019il existe un groupe de discussion o\u00f9 je ne suis<br \/>\npas\u00a0\u00bb. \u00a0Mais ailleurs, ce sont <strong>Ginger [Geri Halliwell]<br \/>\net Posh [Victoria Beckham] qui sont exclues<\/strong>. Pourtant,<br \/>\nelle tient \u00e0 pr\u00e9ciser que ces exclusions ne signifient pas<br \/>\nforc\u00e9ment qu&rsquo;il y a des conflits. \u00ab\u00a0Comme dans tous les groupes<br \/>\nd\u2019amis, on a plusieurs fa\u00e7ons de communiquer\u00a0\u00bb, a-t-elle<br \/>\nexpliqu\u00e9.<\/p>\n<p><strong data-start=\"1060\" data-end=\"1113\">Mariage et rancunes : une<br \/>\namiti\u00e9 mise \u00e0 l\u2019\u00e9preuve pour les Spice Girls<\/strong><\/p>\n<p data-start=\"1060\" data-end=\"1772\" data-is-last-node=\"\" data-is-only-node=\"\">D\u00e9but juillet, <a href=\"https:\/\/www.closermag.fr\/people\/mel-b-mariee-lex-spice-girl-a-dit-oui-a-son-compagnon-victoria-beckham-grande-absente-mais-3561163\" target=\"_blank\" rel=\"noopener\"><br \/>\nMel B<\/a>, alias Scary Spice, a \u00e9pous\u00e9 Rory McPhee dans une<br \/>\nc\u00e9r\u00e9monie o\u00f9 plusieurs de ses anciennes co\u00e9quipi\u00e8res \u00e9taient<br \/>\npr\u00e9sentes. Cependant, <strong>Victoria Beckham et Geri Halliwell<br \/>\nn\u2019ont pas \u00e9t\u00e9 convi\u00e9es<\/strong>. Si la styliste a justifi\u00e9 son<br \/>\nabsence par des \u00ab\u00a0engagements de longue date hors du pays\u00a0\u00bb,<br \/>\nla situation est plus tendue avec Ginger Spice.<\/p>\n<p data-start=\"1060\" data-end=\"1772\" data-is-last-node=\"\" data-is-only-node=\"\">Geri Halliwell n\u2019a pas encore pardonn\u00e9 \u00e0 Mel B<br \/>\nd\u2019avoir r\u00e9v\u00e9l\u00e9 en 2019 une <strong>relation secr\u00e8te<\/strong><br \/>\nqu\u2019elles auraient eue dans les ann\u00e9es 1990, ce qui continue<br \/>\nd\u2019alimenter leur brouille. Les relations entre les Spice Girls<br \/>\nsemblent donc loin d\u2019\u00eatre apais\u00e9es, jetant une ombre sur tout<br \/>\nprojet de r\u00e9union.<\/p>\n","protected":false},"excerpt":{"rendered":"Victoria Beckham fait actuellement la une pour ses vacances en famille \u00e0 Saint-Tropez. Elle profite du soleil \u00e0&hellip;\n","protected":false},"author":2,"featured_media":308032,"comment_status":"","ping_status":"","sticky":false,"template":"","format":"standard","meta":{"footnotes":""},"categories":[1355],"tags":[548,58,59,1011,27,1361,873,6482],"class_list":{"0":"post-308031","1":"post","2":"type-post","3":"status-publish","4":"format-standard","5":"has-post-thumbnail","7":"category-musique","8":"tag-article-simple","9":"tag-divertissement","10":"tag-entertainment","11":"tag-fr","12":"tag-france","13":"tag-music","14":"tag-musique","15":"tag-victoria-beckham"},"share_on_mastodon":{"url":"https:\/\/pubeurope.com\/@fr\/115000644026193173","error":""},"_links":{"self":[{"href":"https:\/\/www.europesays.com\/fr\/wp-json\/wp\/v2\/posts\/308031","targetHints":{"allow":["GET"]}}],"collection":[{"href":"https:\/\/www.europesays.com\/fr\/wp-json\/wp\/v2\/posts"}],"about":[{"href":"https:\/\/www.europesays.com\/fr\/wp-json\/wp\/v2\/types\/post"}],"author":[{"embeddable":true,"href":"https:\/\/www.europesays.com\/fr\/wp-json\/wp\/v2\/users\/2"}],"replies":[{"embeddable":true,"href":"https:\/\/www.europesays.com\/fr\/wp-json\/wp\/v2\/comments?post=308031"}],"version-history":[{"count":0,"href":"https:\/\/www.europesays.com\/fr\/wp-json\/wp\/v2\/posts\/308031\/revisions"}],"wp:featuredmedia":[{"embeddable":true,"href":"https:\/\/www.europesays.com\/fr\/wp-json\/wp\/v2\/media\/308032"}],"wp:attachment":[{"href":"https:\/\/www.europesays.com\/fr\/wp-json\/wp\/v2\/media?parent=308031"}],"wp:term":[{"taxonomy":"category","embeddable":true,"href":"https:\/\/www.europesays.com\/fr\/wp-json\/wp\/v2\/categories?post=308031"},{"taxonomy":"post_tag","embeddable":true,"href":"https:\/\/www.europesays.com\/fr\/wp-json\/wp\/v2\/tags?post=308031"}],"curies":[{"name":"wp","href":"https:\/\/api.w.org\/{rel}","templated":true}]}}