{"id":308040,"date":"2025-08-09T20:20:11","date_gmt":"2025-08-09T20:20:11","guid":{"rendered":"https:\/\/www.europesays.com\/fr\/308040\/"},"modified":"2025-08-09T20:20:11","modified_gmt":"2025-08-09T20:20:11","slug":"quand-des-bacteries-artificielles-coloniseront-la-planete-sans-que-rien-ne-les-arrete","status":"publish","type":"post","link":"https:\/\/www.europesays.com\/fr\/308040\/","title":{"rendered":"Quand des bact\u00e9ries artificielles coloniseront la plan\u00e8te sans que rien ne les arr\u00eate"},"content":{"rendered":"<p data-module=\"fig-standfirst-editorial-episode\" data-context=\"@media (min-width:48em)\"><strong>LES INCROYABLES SC\u00c9NARIOS DE LA FIN DU MONDE (2\/6) &#8211; <\/strong>Cr\u00e9\u00e9es comme l\u2019image invers\u00e9e des pathog\u00e8nes naturels, les bact\u00e9ries miroir pourraient r\u00e9sister \u00e0 tous leurs pr\u00e9dateurs. Si elles se propagent, leur impact sur les \u00e9cosyst\u00e8mes pourrait \u00eatre incontr\u00f4lable. Et pourtant, certains chercheurs n\u2019ont pas renonc\u00e9 \u00e0 les fabriquer&#8230;<\/p>\n<p class=\"fig-paragraph fig-paragraph--dropped\">Elles ne devaient jamais quitter le laboratoire.\u00a0<a href=\"http:\/\/sante.lefigaro.fr\/social\/sante-publique\/creation-de-bacteries-miroir-des-chercheurs-alertent-sur-le-risque-d-une-propagation-incontrolee-20250325\" data-fig-type=\"Article\" data-gtm-custom-categorie=\"navigation\" data-gtm-custom-action=\"crossclick\" data-gtm-custom-label=\"Contextuel\" data-gtm-event=\"customEventSPE\" data-fig-domain=\"SANTE\" target=\"_blank\" rel=\"noopener\">Les bact\u00e9ries miroir<\/a>\u00a0\u00e9taient cens\u00e9es rester confin\u00e9es, surveill\u00e9es, neutralis\u00e9es. Pourtant, quelques-unes se sont \u00e9chapp\u00e9es et en quelques mois elles se sont multipli\u00e9es, ont franchi les fronti\u00e8res, infiltr\u00e9 les \u00e9cosyst\u00e8mes\u2026 et commenc\u00e9 \u00e0 tuer humains et animaux. L\u2019\u00e9chapp\u00e9e de ces pathog\u00e8nes qui n\u2019auraient jamais d\u00fb quitter les paillasses \u00e9tait-elle intentionnelle\u00a0? \u00c9tait-ce le fruit d\u2019un criminel, ou un malheureux accident\u00a0? Toujours est-il que les bact\u00e9ries miroirs ont colonis\u00e9 l\u2019environnement et se sont attaqu\u00e9es \u00e0 un tr\u00e8s large spectre d\u2019\u00eatres vivants incapables de s\u2019en d\u00e9fendre, des micro-organismes du sol aux \u00eatres humains.<\/p>\n<p class=\"fig-paragraph fig-paragraph--dropped\">Pour comprendre ce qu\u2019est une bact\u00e9rie miroir, imaginez vos deux mains\u00a0: elles semblent identiques, partagent la m\u00eame structure, et pourtant, il est impossible de les superposer parfaitement. L\u2019une est le reflet de l\u2019autre\u00a0: semblables, mais invers\u00e9es. En chimie, ce ph\u00e9nom\u00e8ne porte un nom&amp;nbsp\u2026<\/p>\n<p class=\"fig-premium-paywall__infos\">\n        Cet article est r\u00e9serv\u00e9 aux abonn\u00e9s.        Il vous reste 88% \u00e0 d\u00e9couvrir.\n    <\/p>\n<p>                <img  data- alt=\"Le Figaro\" class=\"fig-img--complete fig-img\"\/><\/p>\n<p class=\"fig-premium-paywall__title\">Vous avez envie de lire la suite ?<\/p>\n<p class=\"fig-premium-paywall__subtitle\">D\u00e9bloquez tous les articles imm\u00e9diatement.<\/p>\n<p class=\"fig-premium-paywall__connect\">\n                D\u00e9j\u00e0 abonn\u00e9\u00a0?                <a class=\"fig-premium-paywall__connect-link\" href=\"https:\/\/connect.lefigaro.fr\/login?client=sante_web&amp;type=main&amp;redirect_uri=https%3A%2F%2Fsante.lefigaro.fr%2Fsocial%2Fsante-publique%2Fquand-des-bacteries-artificielles-coloniseront-la-planete-sans-que-rien-ne-les-arrete-20250809\" data-js-gtm=\"{&quot;customCategorie&quot;: &quot;conversion&quot;, &quot;customAction&quot;: &quot;before_Landing_Connexion_paywall_auto&quot;, &quot;customLabel&quot;: &quot;c2FudGUubGVmaWdhcm8uZnJfXzFmMDRjMmUzLWNjNDktNjNhZS04OWZlLTUzMWZiZWRiYTgxMV9fQXJ0aWNsZQ==_Quand des bact\u00e9ries artificielles coloniseront la plan\u00e8te sans que rien ne les arr\u00eate_304&quot;, &quot;customIDSPE&quot;: &quot;c2FudGUubGVmaWdhcm8uZnJfXzFmMDRjMmUzLWNjNDktNjNhZS04OWZlLTUzMWZiZWRiYTgxMV9fQXJ0aWNsZQ==&quot;, &quot;event&quot;: &quot;customEventSPE&quot;}\" target=\"_blank\" rel=\"noopener\"><br \/>\n                    Connectez-vous<br \/>\n                <\/a>\n            <\/p>\n","protected":false},"excerpt":{"rendered":"LES INCROYABLES SC\u00c9NARIOS DE LA FIN DU MONDE (2\/6) &#8211; Cr\u00e9\u00e9es comme l\u2019image invers\u00e9e des pathog\u00e8nes naturels, les&hellip;\n","protected":false},"author":2,"featured_media":308041,"comment_status":"","ping_status":"","sticky":false,"template":"","format":"standard","meta":{"footnotes":""},"categories":[7],"tags":[442,16302,228,440,441,436,434,44352,1011,27,226,439,229,435,43,40,41,39,437,42,44,227,438],"class_list":{"0":"post-308040","1":"post","2":"type-post","3":"status-publish","4":"format-standard","5":"has-post-thumbnail","7":"category-sciences-et-technologies","8":"tag-administration-de-la-sante","9":"tag-bacterie","10":"tag-diagnostic","11":"tag-droit-a-la-sante","12":"tag-education-sanitaire-education-sanitaire-individuelle-et-collective","13":"tag-environnement","14":"tag-epidemie","15":"tag-extinctions","16":"tag-fr","17":"tag-france","18":"tag-maladie","19":"tag-niveau-de-vie","20":"tag-pathologie","21":"tag-sante-de-la-population","22":"tag-science","23":"tag-science-and-technology","24":"tag-sciences","25":"tag-sciences-et-technologies","26":"tag-services-medicaux","27":"tag-technologies","28":"tag-technology","29":"tag-traitement","30":"tag-traitement-preventif"},"share_on_mastodon":{"url":"https:\/\/pubeurope.com\/@fr\/115000667228135490","error":""},"_links":{"self":[{"href":"https:\/\/www.europesays.com\/fr\/wp-json\/wp\/v2\/posts\/308040","targetHints":{"allow":["GET"]}}],"collection":[{"href":"https:\/\/www.europesays.com\/fr\/wp-json\/wp\/v2\/posts"}],"about":[{"href":"https:\/\/www.europesays.com\/fr\/wp-json\/wp\/v2\/types\/post"}],"author":[{"embeddable":true,"href":"https:\/\/www.europesays.com\/fr\/wp-json\/wp\/v2\/users\/2"}],"replies":[{"embeddable":true,"href":"https:\/\/www.europesays.com\/fr\/wp-json\/wp\/v2\/comments?post=308040"}],"version-history":[{"count":0,"href":"https:\/\/www.europesays.com\/fr\/wp-json\/wp\/v2\/posts\/308040\/revisions"}],"wp:featuredmedia":[{"embeddable":true,"href":"https:\/\/www.europesays.com\/fr\/wp-json\/wp\/v2\/media\/308041"}],"wp:attachment":[{"href":"https:\/\/www.europesays.com\/fr\/wp-json\/wp\/v2\/media?parent=308040"}],"wp:term":[{"taxonomy":"category","embeddable":true,"href":"https:\/\/www.europesays.com\/fr\/wp-json\/wp\/v2\/categories?post=308040"},{"taxonomy":"post_tag","embeddable":true,"href":"https:\/\/www.europesays.com\/fr\/wp-json\/wp\/v2\/tags?post=308040"}],"curies":[{"name":"wp","href":"https:\/\/api.w.org\/{rel}","templated":true}]}}