{"id":308042,"date":"2025-08-09T20:21:13","date_gmt":"2025-08-09T20:21:13","guid":{"rendered":"https:\/\/www.europesays.com\/fr\/308042\/"},"modified":"2025-08-09T20:21:13","modified_gmt":"2025-08-09T20:21:13","slug":"lelectricite-est-gratuite-ou-presque-mais-elle-coute-pourtant-tres-cher-aux-consommateurs","status":"publish","type":"post","link":"https:\/\/www.europesays.com\/fr\/308042\/","title":{"rendered":"L&rsquo;\u00e9lectricit\u00e9 est gratuite ou presque, mais elle co\u00fbte pourtant tr\u00e8s cher aux consommateurs"},"content":{"rendered":"<p>La sc\u00e8ne est absurde\u00a0: les producteurs fran\u00e7ais fournissent tellement d\u2019\u00e9lectricit\u00e9 en ce moment qu\u2019elle en devient gratuite. Il arrive m\u00eame que les prix soient n\u00e9gatifs, autrement dit ces m\u00eames producteurs paient (!) pour qu\u2019on consomme leur \u00e9nergie. C\u2019est exactement ce qui se passe. \u00c0 la mi-juillet, le pays avait d\u00e9j\u00e0 cumul\u00e9 368 heures de prix d\u2019\u00e9lectricit\u00e9 n\u00e9gatifs ou nuls, battant ainsi le record de 2024 (352 heures), lui-m\u00eame d\u00e9j\u00e0 en forte hausse par rapport aux ann\u00e9es pr\u00e9c\u00e9dentes.<\/p>\n<p> Une \u00e9lectricit\u00e9 \u00e0 prix n\u00e9gatif, mais une facture inchang\u00e9e <\/p>\n<p>Le ph\u00e9nom\u00e8ne est directement li\u00e9 \u00e0 la mont\u00e9e en puissance des \u00e9nergies renouvelables, notamment l\u2019\u00e9olien et le solaire. Ces sources produisent de l\u2019\u00e9lectricit\u00e9 de fa\u00e7on intermittente, souvent en d\u00e9calage avec la demande r\u00e9elle. R\u00e9sultat\u00a0: lors des week-ends ou des apr\u00e8s-midis ensoleill\u00e9s, la production d\u00e9passe largement les besoins. Comme l\u2019\u00e9lectricit\u00e9 ne se stocke pas facilement, les prix s\u2019effondrent, comme le souligne Selectra.<\/p>\n<p>Le probl\u00e8me vient surtout des installations renouvelables sous contrat d\u2019obligation d\u2019achat, r\u00e9sume la Commission de R\u00e9gulation de l\u2019\u00c9nergie (CRE). Ces contrats garantissent aux producteurs un prix fixe pendant vingt ans, m\u00eame si le march\u00e9 passe en territoire n\u00e9gatif. Dans ce contexte, il est plus rentable pour certains producteurs de continuer \u00e0 injecter leur \u00e9lectricit\u00e9, quitte \u00e0 aggraver la saturation du r\u00e9seau.<\/p>\n<p>Pour les consommateurs, l\u2019ironie est cruelle\u00a0: l\u2019\u00e9lectricit\u00e9 peut se vendre \u00e0 -50\u00a0\u20ac le m\u00e9gawattheure sur le march\u00e9, mais ils continuent \u00e0 la payer autour de 20 centimes du kilowattheure. Le \u00ab\u00a0signal prix\u00a0\u00bb ne passe pas, regrette la CRE. Contrairement \u00e0 d\u2019autres pays europ\u00e9ens, comme l\u2019Espagne ou la Su\u00e8de, la France n\u2019a pas g\u00e9n\u00e9ralis\u00e9 les offres dites \u00ab\u00a0dynamiques\u00a0\u00bb, qui suivent les variations horaires du march\u00e9.<\/p>\n<p>Ces prix n\u00e9gatifs ont pourtant un co\u00fbt bien r\u00e9el. Quand les producteurs sous contrat continuent \u00e0 injecter leur \u00e9lectricit\u00e9 dans ces conditions, l\u2019\u00c9tat doit compenser les pertes. Selon la CRE, l\u2019arr\u00eat des installations concern\u00e9es lors des heures de prix n\u00e9gatif aurait permis d\u2019\u00e9conomiser 15 millions d\u2019euros rien qu\u2019au premier semestre 2024. Et le compteur tourne encore plus vite cette ann\u00e9e.<\/p>\n<p>La question d\u2019une r\u00e9forme du m\u00e9canisme de soutien aux renouvelables est donc de plus en plus pressante. Plusieurs experts estiment que l\u2019incitation actuelle pousse \u00e0 une production aveugle, sans tenir compte des besoins r\u00e9els du r\u00e9seau\u2026 Une situation ubuesque.<\/p>\n<p>Pourtant, des alternatives existent. L\u2019option Tempo d\u2019EDF, ou les offres de fournisseurs comme Ohm \u00c9nergie et TotalEnergies, tentent d\u2019introduire une forme de flexibilit\u00e9 tarifaire. Mais ces formules restent marginales et souvent peu lisibles pour le grand public.<\/p>\n<blockquote>\n<p class=\"text-base text-neutral-700 dark:text-neutral-300\">\ud83d\udfe3 Pour ne manquer aucune news sur le Journal du Geek, abonnez-vous sur <a href=\"https:\/\/news.google.com\/publications\/CAAqBwgKMNr_hAswwYyCAw?hl=fr&amp;gl=FR&amp;ceid=FR%3Afr\" target=\"_blank\" rel=\"nofollow noopener\">Google Actualit\u00e9s<\/a> et sur <a href=\"https:\/\/whatsapp.com\/channel\/0029VaClM5y4tRry12tb7D2h\" target=\"_blank\" rel=\"nofollow noopener\">notre WhatsApp<\/a>. Et si vous nous adorez, on a <a href=\"https:\/\/www.journaldugeek.com\/newsletter\/\" target=\"_blank\" rel=\"nofollow noopener\">une newsletter tous les matins<\/a>.<\/p>\n<\/blockquote>\n","protected":false},"excerpt":{"rendered":"La sc\u00e8ne est absurde\u00a0: les producteurs fran\u00e7ais fournissent tellement d\u2019\u00e9lectricit\u00e9 en ce moment qu\u2019elle en devient gratuite. Il&hellip;\n","protected":false},"author":2,"featured_media":308043,"comment_status":"","ping_status":"","sticky":false,"template":"","format":"standard","meta":{"footnotes":""},"categories":[6],"tags":[35,33,34,579,1011,27],"class_list":{"0":"post-308042","1":"post","2":"type-post","3":"status-publish","4":"format-standard","5":"has-post-thumbnail","7":"category-economie","8":"tag-business","9":"tag-economie","10":"tag-economy","11":"tag-electricite","12":"tag-fr","13":"tag-france"},"share_on_mastodon":{"url":"https:\/\/pubeurope.com\/@fr\/115000671239502722","error":""},"_links":{"self":[{"href":"https:\/\/www.europesays.com\/fr\/wp-json\/wp\/v2\/posts\/308042","targetHints":{"allow":["GET"]}}],"collection":[{"href":"https:\/\/www.europesays.com\/fr\/wp-json\/wp\/v2\/posts"}],"about":[{"href":"https:\/\/www.europesays.com\/fr\/wp-json\/wp\/v2\/types\/post"}],"author":[{"embeddable":true,"href":"https:\/\/www.europesays.com\/fr\/wp-json\/wp\/v2\/users\/2"}],"replies":[{"embeddable":true,"href":"https:\/\/www.europesays.com\/fr\/wp-json\/wp\/v2\/comments?post=308042"}],"version-history":[{"count":0,"href":"https:\/\/www.europesays.com\/fr\/wp-json\/wp\/v2\/posts\/308042\/revisions"}],"wp:featuredmedia":[{"embeddable":true,"href":"https:\/\/www.europesays.com\/fr\/wp-json\/wp\/v2\/media\/308043"}],"wp:attachment":[{"href":"https:\/\/www.europesays.com\/fr\/wp-json\/wp\/v2\/media?parent=308042"}],"wp:term":[{"taxonomy":"category","embeddable":true,"href":"https:\/\/www.europesays.com\/fr\/wp-json\/wp\/v2\/categories?post=308042"},{"taxonomy":"post_tag","embeddable":true,"href":"https:\/\/www.europesays.com\/fr\/wp-json\/wp\/v2\/tags?post=308042"}],"curies":[{"name":"wp","href":"https:\/\/api.w.org\/{rel}","templated":true}]}}