{"id":308044,"date":"2025-08-09T20:22:12","date_gmt":"2025-08-09T20:22:12","guid":{"rendered":"https:\/\/www.europesays.com\/fr\/308044\/"},"modified":"2025-08-09T20:22:12","modified_gmt":"2025-08-09T20:22:12","slug":"un-chasseur-americain-tue-par-le-buffle-quil-traquait","status":"publish","type":"post","link":"https:\/\/www.europesays.com\/fr\/308044\/","title":{"rendered":"Un chasseur am\u00e9ricain tu\u00e9 par le buffle qu\u2019il traquait"},"content":{"rendered":"<p>Un chasseur am\u00e9ricain originaire du <a href=\"https:\/\/www.20minutes.fr\/monde\/texas\/\" target=\"_blank\" class=\"color-ultramarine c-link\" rel=\"nofollow noopener\">Texas<\/a>, a \u00e9t\u00e9 tu\u00e9 par le<a href=\"https:\/\/www.20minutes.fr\/loisirs\/4077201-20240222-buffle-bovin-nez\" target=\"_blank\" class=\"color-ultramarine c-link\" rel=\"nofollow noopener\"> buffle <\/a>qu\u2019il traquait lors d\u2019un safari en <a href=\"https:\/\/www.20minutes.fr\/dossier\/afrique_du_sud\" target=\"_blank\" class=\"color-ultramarine c-link\" rel=\"nofollow noopener\">Afrique du Sud<\/a> dans la province du Limpopo. L\u2019homme de 59 ans est d\u00e9c\u00e9d\u00e9 dimanche 3\u00a0ao\u00fbt.<\/p>\n<p>Selon le communiqu\u00e9 du Coenraad Vermaak Safaris (CVS), la soci\u00e9t\u00e9 de safari \u00e0 l\u2019origine de l\u2019organisation de ce voyage, l\u2019individu a \u00e9t\u00e9 \u00ab\u00a0mortellement bless\u00e9 lors d\u2019une attaque soudaine et non provoqu\u00e9e\u00a0\u00bb par un buffle \u00ab\u00a0qu\u2019il traquait avec l\u2019un de (leurs) chasseurs professionnels et l\u2019un de (leurs) pisteurs\u00a0\u00bb.<\/p>\n<p>Une zone d\u2019ombre sur les circonstances de l\u2019accident<\/p>\n<p>Un membre de l\u2019\u00e9quipe de CVS a confi\u00e9 \u00e0 la cha\u00eene de t\u00e9l\u00e9vision am\u00e9ricaine <a href=\"https:\/\/edition.cnn.com\/2025\/08\/08\/africa\/buffalo-kills-hunter-south-africa-scli-intl\" target=\"_blank\" class=\"color-ultramarine c-link\" rel=\"nofollow noopener\">CNN<\/a> qu\u2019aucun d\u00e9tail suppl\u00e9mentaire ne serait communiqu\u00e9 par respect pour la vie priv\u00e9e de la famille du d\u00e9funt. Selon un second communiqu\u00e9 transmis au m\u00e9dia par une association de chasse en Afrique du Sud, les circonstances de l\u2019accident seraient \u00ab\u00a0en cours d\u2019examen\u00a0\u00bb.<\/p>\n<p>La soci\u00e9t\u00e9 organisatrice n\u2019a pas apport\u00e9 de d\u00e9tails sur l\u2019\u00e9tat du buffle. Cette esp\u00e8ce pouvant peser plus de 800\u00a0kg est l\u2019une des plus pris\u00e9es des chasseurs et des photographes dans la r\u00e9gion. Le <a href=\"https:\/\/www.20minutes.fr\/high-tech\/2567639-20190723-comment-organise-traque-adeptes-safari-chasse-reseaux-sociaux\" target=\"_blank\" class=\"color-ultramarine c-link\" rel=\"nofollow noopener\">safari de chasse<\/a> est tr\u00e8s pratiqu\u00e9 en Afrique du Sud. Les chasseurs sont pr\u00eats \u00e0 d\u00e9bourser plusieurs milliers de dollars pour apercevoir de tels mammif\u00e8res, en camion d\u2019abord, avant de traquer les animaux \u00e0 pied.<\/p>\n","protected":false},"excerpt":{"rendered":"Un chasseur am\u00e9ricain originaire du Texas, a \u00e9t\u00e9 tu\u00e9 par le buffle qu\u2019il traquait lors d\u2019un safari en&hellip;\n","protected":false},"author":2,"featured_media":308045,"comment_status":"","ping_status":"","sticky":false,"template":"","format":"standard","meta":{"footnotes":""},"categories":[5],"tags":[47,11,5594,1867,73,1011,27,14,74,12,19095,3926,28],"class_list":{"0":"post-308044","1":"post","2":"type-post","3":"status-publish","4":"format-standard","5":"has-post-thumbnail","7":"category-international","8":"tag-actualite","9":"tag-actualites","10":"tag-afrique-du-sud","11":"tag-animaux","12":"tag-etats-unis","13":"tag-fr","14":"tag-france","15":"tag-international","16":"tag-monde","17":"tag-news","18":"tag-safari","19":"tag-texas","20":"tag-world"},"share_on_mastodon":{"url":"https:\/\/pubeurope.com\/@fr\/115000675211544422","error":""},"_links":{"self":[{"href":"https:\/\/www.europesays.com\/fr\/wp-json\/wp\/v2\/posts\/308044","targetHints":{"allow":["GET"]}}],"collection":[{"href":"https:\/\/www.europesays.com\/fr\/wp-json\/wp\/v2\/posts"}],"about":[{"href":"https:\/\/www.europesays.com\/fr\/wp-json\/wp\/v2\/types\/post"}],"author":[{"embeddable":true,"href":"https:\/\/www.europesays.com\/fr\/wp-json\/wp\/v2\/users\/2"}],"replies":[{"embeddable":true,"href":"https:\/\/www.europesays.com\/fr\/wp-json\/wp\/v2\/comments?post=308044"}],"version-history":[{"count":0,"href":"https:\/\/www.europesays.com\/fr\/wp-json\/wp\/v2\/posts\/308044\/revisions"}],"wp:featuredmedia":[{"embeddable":true,"href":"https:\/\/www.europesays.com\/fr\/wp-json\/wp\/v2\/media\/308045"}],"wp:attachment":[{"href":"https:\/\/www.europesays.com\/fr\/wp-json\/wp\/v2\/media?parent=308044"}],"wp:term":[{"taxonomy":"category","embeddable":true,"href":"https:\/\/www.europesays.com\/fr\/wp-json\/wp\/v2\/categories?post=308044"},{"taxonomy":"post_tag","embeddable":true,"href":"https:\/\/www.europesays.com\/fr\/wp-json\/wp\/v2\/tags?post=308044"}],"curies":[{"name":"wp","href":"https:\/\/api.w.org\/{rel}","templated":true}]}}