{"id":308046,"date":"2025-08-09T20:23:09","date_gmt":"2025-08-09T20:23:09","guid":{"rendered":"https:\/\/www.europesays.com\/fr\/308046\/"},"modified":"2025-08-09T20:23:09","modified_gmt":"2025-08-09T20:23:09","slug":"lhomme-est-mort-et-le-suspect-ne-sexplique-pas","status":"publish","type":"post","link":"https:\/\/www.europesays.com\/fr\/308046\/","title":{"rendered":"l&rsquo;homme est mort et le suspect ne s&rsquo;explique pas"},"content":{"rendered":"<p>            Par<br \/>\n        <strong><br \/>\n            <a href=\"https:\/\/actu.fr\/auteur\/julien-bouteiller\" title=\"Consulter tous les articles de Julien Bouteiller\" rel=\"nofollow noopener\" target=\"_blank\">Julien Bouteiller<\/a><br \/>\n        <\/strong><\/p>\n<p>        Publi\u00e9 le<\/p>\n<p>            9 ao\u00fbt 2025 \u00e0 20h48        <\/p>\n<p><strong>Que s\u2019est-il pass\u00e9 rue Anatole-France au Havre<\/strong>, cette nuit du 7 au 8 ao\u00fbt 2025 ? Ce qui est s\u00fbr, c\u2019est qu\u2019un homme de 51 ans <a href=\"https:\/\/actu.fr\/normandie\/le-havre_76351\/des-plaies-multiples-un-homme-secouru-dans-un-etat-critique-au-havre_63017131.html\" rel=\"nofollow noopener\" target=\"_blank\">a \u00e9t\u00e9 tu\u00e9 apr\u00e8s avoir \u00e9t\u00e9 poignard\u00e9 \u00e0 de multiples reprises<\/a>. Ce samedi 9 ao\u00fbt 2025, la procureure de la R\u00e9publique donne de nouveaux \u00e9l\u00e9ments sur cette sombre affaire.<\/p>\n<p>Une altercation qui vire au meurtre sauvage<\/p>\n<p class=\" wall-content\">Vers 3h du matin, la police est requise pour porter secours \u00e0 une personne \u00ab\u00a0retrouv\u00e9e tr\u00e8s s\u00e9rieusement bless\u00e9e\u00a0\u00bb. Transport\u00e9 \u00e0 l\u2019h\u00f4pital dans un \u00e9tat critique, <strong>l\u2019homme est mort dans l\u2019apr\u00e8s-midi de vendredi<\/strong>.<\/p>\n<p class=\" wall-content\">Les premiers \u00e9l\u00e9ments de l\u2019enqu\u00eate, notamment les t\u00e9moins et la vid\u00e9osurveillance, \u00e9clairent la sauvagerie du meurtre. Selon le parquet, <strong>une altercation a eu lieu<\/strong> entre la victime et un jeune homme. Le quinquag\u00e9naire est tomb\u00e9 \u00e0 terre et a \u00ab\u00a0re\u00e7u <strong>de multiples coups de couteau<\/strong> alors qu\u2019elle se trouvait au sol\u00a0\u00bb.<\/p>\n<p>Il ne se souvient pas du meurtre<\/p>\n<p class=\" wall-content\">Le jeune suspect est interpell\u00e9 peu apr\u00e8s, \u00e0 proximit\u00e9 des lieux, porteur d\u2019un couteau et de v\u00eatements ensanglant\u00e9s, <strong>manifestement ivre et drogu\u00e9.<\/strong><\/p>\n<p class=\" wall-content\">Entendu une fois en \u00e9tat de l\u2019\u00eatre, \u00ab\u00a0il d\u00e9clare n\u2019avoir <strong>aucun souvenir de la soir\u00e9e<\/strong> et, de ce fait, <strong>ne donne aucune explication<\/strong> sur les faits\u00a0\u00bb. De son c\u00f4t\u00e9, l\u2019examen psychiatrique n\u2019a \u00ab\u00a0pas \u00e9tabli de trouble ayant alt\u00e9r\u00e9 ou aboli son discernement\u00a0\u00bb.<\/p>\n<p class=\" wall-content\">Dans l\u2019attente de la suite des investigations, le parquet requiert <strong>le placement en d\u00e9tention provisoire du suspect.<\/strong><\/p>\n<p>Suivez l\u2019actualit\u00e9 du Havre <a href=\"https:\/\/www.whatsapp.com\/channel\/0029VaFqJYE8aKvLBwVrEe0o\" rel=\"nofollow noopener\" target=\"_blank\">sur notre cha\u00eene WhatsApp<\/a> et <a href=\"https:\/\/www.tiktok.com\/@76actu.fr?lang=fr\" rel=\"nofollow noopener\" target=\"_blank\">sur notre compte TikTok<\/a><\/p>\n<p class=\" wall-content\">Suivez toute l\u2019actualit\u00e9 de vos villes et m\u00e9dias favoris en vous inscrivant \u00e0 <a href=\"https:\/\/moncompte.actu.fr\" title=\"D\u00e9couvez Mon Actu\" rel=\"nofollow noopener\" data-trk=\"{&quot;cta&quot;:{&quot;action&quot;:&quot;https:\\\/\\\/moncompte.actu.fr&quot;,&quot;category&quot;:&quot;mon compte&quot;,&quot;from&quot;:&quot;article footer&quot;,&quot;name&quot;:&quot;Mon actu&quot;,&quot;type&quot;:&quot;cta&quot;}}\" target=\"_blank\">Mon Actu<\/a>.<\/p>\n<p>                    <script async src=\"\/\/www.tiktok.com\/embed.js\"><\/script><\/p>\n","protected":false},"excerpt":{"rendered":"Par Julien Bouteiller Publi\u00e9 le 9 ao\u00fbt 2025 \u00e0 20h48 Que s\u2019est-il pass\u00e9 rue Anatole-France au Havre, cette&hellip;\n","protected":false},"author":2,"featured_media":308047,"comment_status":"","ping_status":"","sticky":false,"template":"","format":"standard","meta":{"footnotes":""},"categories":[4],"tags":[11,118,1011,27,777,12,1072,25],"class_list":{"0":"post-308046","1":"post","2":"type-post","3":"status-publish","4":"format-standard","5":"has-post-thumbnail","7":"category-france","8":"tag-actualites","9":"tag-faits-divers","10":"tag-fr","11":"tag-france","12":"tag-meurtre","13":"tag-news","14":"tag-police","15":"tag-republique-francaise"},"share_on_mastodon":{"url":"https:\/\/pubeurope.com\/@fr\/115000679061712763","error":""},"_links":{"self":[{"href":"https:\/\/www.europesays.com\/fr\/wp-json\/wp\/v2\/posts\/308046","targetHints":{"allow":["GET"]}}],"collection":[{"href":"https:\/\/www.europesays.com\/fr\/wp-json\/wp\/v2\/posts"}],"about":[{"href":"https:\/\/www.europesays.com\/fr\/wp-json\/wp\/v2\/types\/post"}],"author":[{"embeddable":true,"href":"https:\/\/www.europesays.com\/fr\/wp-json\/wp\/v2\/users\/2"}],"replies":[{"embeddable":true,"href":"https:\/\/www.europesays.com\/fr\/wp-json\/wp\/v2\/comments?post=308046"}],"version-history":[{"count":0,"href":"https:\/\/www.europesays.com\/fr\/wp-json\/wp\/v2\/posts\/308046\/revisions"}],"wp:featuredmedia":[{"embeddable":true,"href":"https:\/\/www.europesays.com\/fr\/wp-json\/wp\/v2\/media\/308047"}],"wp:attachment":[{"href":"https:\/\/www.europesays.com\/fr\/wp-json\/wp\/v2\/media?parent=308046"}],"wp:term":[{"taxonomy":"category","embeddable":true,"href":"https:\/\/www.europesays.com\/fr\/wp-json\/wp\/v2\/categories?post=308046"},{"taxonomy":"post_tag","embeddable":true,"href":"https:\/\/www.europesays.com\/fr\/wp-json\/wp\/v2\/tags?post=308046"}],"curies":[{"name":"wp","href":"https:\/\/api.w.org\/{rel}","templated":true}]}}