{"id":308056,"date":"2025-08-09T20:30:10","date_gmt":"2025-08-09T20:30:10","guid":{"rendered":"https:\/\/www.europesays.com\/fr\/308056\/"},"modified":"2025-08-09T20:30:10","modified_gmt":"2025-08-09T20:30:10","slug":"toulon-une-exposition-de-khanh-au-musee-des-arts-asiatiques","status":"publish","type":"post","link":"https:\/\/www.europesays.com\/fr\/308056\/","title":{"rendered":"TOULON : Une exposition de Khanh au Mus\u00e9e des Arts Asiatiques"},"content":{"rendered":"<p><strong>Le Mus\u00e9e des Arts Asiatiques de Toulon pr\u00e9sente \u00ab Interstices \u00bb, une exposition de la photographe Khanh, du 16 mai au 30 ao\u00fbt 2025.<\/strong><br \/>L\u2019exposition \u00ab Interstices \u00bb offre une vision subtile et intime du Japon, inspir\u00e9e par l\u2019histoire personnelle de Khanh et son \u00e9preuve face \u00e0 la maladie. \u00c0 travers des photographies argentiques en noir et blanc, prises au moyen format, elle explore les fronti\u00e8res de l\u2019invisible et du subconscient. Ses images invitent \u00e0 voir au-del\u00e0 de l\u2019apparence, \u00e9voquant le cycle universel de la vie et le cheminement int\u00e9rieur de l\u2019\u00e2me vers la lumi\u00e8re, jusqu\u2019\u00e0 la renaissance.<\/p>\n<p><strong>Un parcours artistique marqu\u00e9 par l\u2019autodidaxie<\/strong><\/p>\n<p>N\u00e9e en France d\u2019origine vietnamienne, Khanh se forme en autodidacte \u00e0 la photographie d\u00e8s son adolescence, et d\u00e9veloppe une pratique personnelle marqu\u00e9e par un regard singulier sur le monde. \u00c0 travers son travail, elle cherche \u00e0 capturer la beaut\u00e9 du quotidien et \u00e0 interroger la mani\u00e8re dont la photographie peut r\u00e9v\u00e9ler la v\u00e9rit\u00e9 des instants \u00e9ph\u00e9m\u00e8res. Parall\u00e8lement \u00e0 sa carri\u00e8re de photographe, Khanh est \u00e9galement com\u00e9dienne, et a r\u00e9cemment incarn\u00e9 un r\u00f4le dans \u00ab Partition Vietnamienne \u00bb, une pi\u00e8ce d\u2019Olivier Dh\u00e9nin H\u1eefu, pr\u00e9sent\u00e9e au Mus\u00e9e Guimet \u00e0 Paris, en lien avec l\u2019exposition \u00ab Photographies du Vietnam 1966-1976 \u00bb du photographe Marc Riboud.<\/p>\n<p><strong>Informations pratiques<\/strong><\/p>\n<p>L\u2019exposition \u00ab Interstices \u00bb se tiendra du\u00a0<strong>16 mai<\/strong>\u00a0au\u00a0<strong>30 ao\u00fbt 2025<\/strong>\u00a0au Mus\u00e9e des Arts Asiatiques de Toulon.<\/p>\n","protected":false},"excerpt":{"rendered":"Le Mus\u00e9e des Arts Asiatiques de Toulon pr\u00e9sente \u00ab Interstices \u00bb, une exposition de la photographe Khanh, du&hellip;\n","protected":false},"author":2,"featured_media":308057,"comment_status":"","ping_status":"","sticky":false,"template":"","format":"standard","meta":{"footnotes":""},"categories":[9619],"tags":[1111,11,1777,674,1011,27,12,882,25,2310],"class_list":{"0":"post-308056","1":"post","2":"type-post","3":"status-publish","4":"format-standard","5":"has-post-thumbnail","7":"category-toulon","8":"tag-actu","9":"tag-actualites","10":"tag-eu","11":"tag-europe","12":"tag-fr","13":"tag-france","14":"tag-news","15":"tag-provence-alpes-cote-dazur","16":"tag-republique-francaise","17":"tag-toulon"},"share_on_mastodon":{"url":"https:\/\/pubeurope.com\/@fr\/115000706790921529","error":""},"_links":{"self":[{"href":"https:\/\/www.europesays.com\/fr\/wp-json\/wp\/v2\/posts\/308056","targetHints":{"allow":["GET"]}}],"collection":[{"href":"https:\/\/www.europesays.com\/fr\/wp-json\/wp\/v2\/posts"}],"about":[{"href":"https:\/\/www.europesays.com\/fr\/wp-json\/wp\/v2\/types\/post"}],"author":[{"embeddable":true,"href":"https:\/\/www.europesays.com\/fr\/wp-json\/wp\/v2\/users\/2"}],"replies":[{"embeddable":true,"href":"https:\/\/www.europesays.com\/fr\/wp-json\/wp\/v2\/comments?post=308056"}],"version-history":[{"count":0,"href":"https:\/\/www.europesays.com\/fr\/wp-json\/wp\/v2\/posts\/308056\/revisions"}],"wp:featuredmedia":[{"embeddable":true,"href":"https:\/\/www.europesays.com\/fr\/wp-json\/wp\/v2\/media\/308057"}],"wp:attachment":[{"href":"https:\/\/www.europesays.com\/fr\/wp-json\/wp\/v2\/media?parent=308056"}],"wp:term":[{"taxonomy":"category","embeddable":true,"href":"https:\/\/www.europesays.com\/fr\/wp-json\/wp\/v2\/categories?post=308056"},{"taxonomy":"post_tag","embeddable":true,"href":"https:\/\/www.europesays.com\/fr\/wp-json\/wp\/v2\/tags?post=308056"}],"curies":[{"name":"wp","href":"https:\/\/api.w.org\/{rel}","templated":true}]}}