{"id":308064,"date":"2025-08-09T20:35:08","date_gmt":"2025-08-09T20:35:08","guid":{"rendered":"https:\/\/www.europesays.com\/fr\/308064\/"},"modified":"2025-08-09T20:35:08","modified_gmt":"2025-08-09T20:35:08","slug":"grenoble-tombe-dans-un-piege-2-1","status":"publish","type":"post","link":"https:\/\/www.europesays.com\/fr\/308064\/","title":{"rendered":"Grenoble tomb\u00e9 dans un pi\u00e8ge (2-1)"},"content":{"rendered":"<p itemprop=\"description\"><strong>Ce samedi soir, la Ligue 2 reprenait ses droits.<\/strong><\/p>\n<p>Pour le GF38, c&rsquo;\u00e9tait l&rsquo;occasion de montrer que la mauvaise saison pass\u00e9e n&rsquo;\u00e9tait plus qu&rsquo;un lointain souvenir.<\/p>\n<p>Mais sur la pelouse de Troyes, rien ne s&rsquo;est pass\u00e9 comme pr\u00e9vu pour les co\u00e9quipiers de Th\u00e9o Valls.<\/p>\n<p>Jaur\u00e8s Assoumou ouvrait le score pour les Troyens \u00e0 la 8e minute, mais Mamady Bangr\u00e9 \u00e9galisait \u00e0 la 34e. Ce m\u00eame Bangr\u00e9 \u00e9tait expuls\u00e9 juste avant la mi-temps, laissant ses co\u00e9quipiers \u00e0 10 pour toute la seconde p\u00e9riode.<\/p>\n<p>Et logiquement, le but de Mamadou Diop \u00e9tait pris d&rsquo;assaut, puisque Troyes aura tir\u00e9 20 fois, contre 5 fois pour Grenoble.<\/p>\n<p>Le GF38 craquait \u00e0 la 75e minute, encaissant le but de la victoire inscrit par Martin Adeline (2-1).<\/p>\n<p>Un match, une d\u00e9faite. Pour enrayer au plus vite la spirale, les hommes de Franck Rizzetto devront faire un r\u00e9sultat vendredi soir prochain, lors de la r\u00e9ception de Laval.<\/p>\n<blockquote class=\"twitter-tweet\"><p>&#13;<\/p>\n<p dir=\"ltr\" lang=\"fr\">Fin du match nos Grenoblois, en inf\u00e9riorit\u00e9 num\u00e9rique, s&rsquo;inclinent \u00e0 l&rsquo;ext\u00e9rieur !<\/p>\n<p>Rendez-vous la semaine prochaine \u00e0 la maison ! \ud83d\udc99<a href=\"https:\/\/twitter.com\/hashtag\/ESTACGF38?src=hash&amp;ref_src=twsrc%5Etfw\" target=\"_blank\" rel=\"noopener\">#ESTACGF38<\/a> <a href=\"https:\/\/t.co\/DkjHJlawjT\">pic.twitter.com\/DkjHJlawjT<\/a><\/p>\n<p>&#13;<br \/>\n\u2014 Grenoble Foot 38 (@GF38_Officiel) <a href=\"https:\/\/twitter.com\/GF38_Officiel\/status\/1954271096322380012?ref_src=twsrc%5Etfw\" target=\"_blank\" rel=\"noopener\">August 9, 2025<\/a><\/p><\/blockquote>\n<p>\t\t\t\t\t\t\t\t\t\t\t\t\t\t\t\t\t\t\t<script async src=\"https:\/\/platform.twitter.com\/widgets.js\" charset=\"utf-8\"><\/script><\/p>\n","protected":false},"excerpt":{"rendered":"Ce samedi soir, la Ligue 2 reprenait ses droits. Pour le GF38, c&rsquo;\u00e9tait l&rsquo;occasion de montrer que la&hellip;\n","protected":false},"author":2,"featured_media":308065,"comment_status":"","ping_status":"","sticky":false,"template":"","format":"standard","meta":{"footnotes":""},"categories":[9566],"tags":[1111,11,7733,8279,2430,7736,650,7734,2889,2263,1777,674,1011,27,2731,8280,6417,1114,108,4662,12,3725,1825,25,7737],"class_list":{"0":"post-308064","1":"post","2":"type-post","3":"status-publish","4":"format-standard","5":"has-post-thumbnail","7":"category-grenoble","8":"tag-actu","9":"tag-actualites","10":"tag-alpes","11":"tag-alpes1","12":"tag-auvergne-rhone-alpes","13":"tag-cds","14":"tag-cinema","15":"tag-ecoute","16":"tag-emission","17":"tag-equipe","18":"tag-eu","19":"tag-europe","20":"tag-fr","21":"tag-france","22":"tag-grenoble","23":"tag-haute","24":"tag-information","25":"tag-infos","26":"tag-isere","27":"tag-journal","28":"tag-news","29":"tag-podcast","30":"tag-radio","31":"tag-republique-francaise","32":"tag-winamp"},"share_on_mastodon":{"url":"https:\/\/pubeurope.com\/@fr\/115000726105616651","error":""},"_links":{"self":[{"href":"https:\/\/www.europesays.com\/fr\/wp-json\/wp\/v2\/posts\/308064","targetHints":{"allow":["GET"]}}],"collection":[{"href":"https:\/\/www.europesays.com\/fr\/wp-json\/wp\/v2\/posts"}],"about":[{"href":"https:\/\/www.europesays.com\/fr\/wp-json\/wp\/v2\/types\/post"}],"author":[{"embeddable":true,"href":"https:\/\/www.europesays.com\/fr\/wp-json\/wp\/v2\/users\/2"}],"replies":[{"embeddable":true,"href":"https:\/\/www.europesays.com\/fr\/wp-json\/wp\/v2\/comments?post=308064"}],"version-history":[{"count":0,"href":"https:\/\/www.europesays.com\/fr\/wp-json\/wp\/v2\/posts\/308064\/revisions"}],"wp:featuredmedia":[{"embeddable":true,"href":"https:\/\/www.europesays.com\/fr\/wp-json\/wp\/v2\/media\/308065"}],"wp:attachment":[{"href":"https:\/\/www.europesays.com\/fr\/wp-json\/wp\/v2\/media?parent=308064"}],"wp:term":[{"taxonomy":"category","embeddable":true,"href":"https:\/\/www.europesays.com\/fr\/wp-json\/wp\/v2\/categories?post=308064"},{"taxonomy":"post_tag","embeddable":true,"href":"https:\/\/www.europesays.com\/fr\/wp-json\/wp\/v2\/tags?post=308064"}],"curies":[{"name":"wp","href":"https:\/\/api.w.org\/{rel}","templated":true}]}}