{"id":308077,"date":"2025-08-09T20:48:14","date_gmt":"2025-08-09T20:48:14","guid":{"rendered":"https:\/\/www.europesays.com\/fr\/308077\/"},"modified":"2025-08-09T20:48:14","modified_gmt":"2025-08-09T20:48:14","slug":"bordeaux-une-mere-enrole-son-fils-pour-tuer-son-ex-conjoint-qui-lui-reclamait-de-largent","status":"publish","type":"post","link":"https:\/\/www.europesays.com\/fr\/308077\/","title":{"rendered":"Bordeaux : une m\u00e8re enr\u00f4le son fils pour tuer son ex-conjoint qui lui r\u00e9clamait de l\u2019argent"},"content":{"rendered":"<p>                                            Faits divers\n                                                                            <\/p>\n<p>\n                                            Soup\u00e7onn\u00e9s d\u2019avoir planifi\u00e9 le meurtre de son ex-conjoint, une m\u00e8re et son fils ont \u00e9t\u00e9 interpell\u00e9s \u00e0 Bordeaux, mardi 5 aout. Selon la police, ils disposaient du mat\u00e9riel n\u00e9cessaire \u201cpour faire dispara\u00eetre un corps\u201d lorsque le Raid est intervenu, d\u00e9jouant leur passage \u00e0 l\u2019acte.                                        <\/p>\n<p>                                                Publi\u00e9 le 9 ao\u00fbt 2025 \u00e0 19h36                                                                                            <\/p>\n<p>                                            <img loading=\"lazy\" width=\"1024\" height=\"683\" src=\"https:\/\/www.europesays.com\/fr\/wp-content\/uploads\/2025\/08\/SIPA_01222754_000013-1-1-min.jpg\" class=\"attachment-post-thumbnail size-post-thumbnail wp-post-image lazy\" alt=\"Une m\u00e8re et son fils arr\u00eat\u00e9s pour un projet de meurtre \u00e0 Bordeaux. Alain ROBERT\/SIPA\" decoding=\"async\"  data-\/><\/p>\n<p>                                            Une m\u00e8re et son fils arr\u00eat\u00e9s pour un projet de meurtre \u00e0 Bordeaux. Alain ROBERT\/SIPA<\/p>\n<p>Cette affaire a d\u00e9but\u00e9 le 3 ao\u00fbt, lorsqu\u2019une jeune femme se pr\u00e9sente au commissariat de Bordeaux. Elle affirme que sa m\u00e8re \u00ab est en train d\u2019organiser une tentative d\u2019assassinat \u00bb contre son ex-conjoint, qui lui r\u00e9clamait de l\u2019argent depuis leur rupture, rapporte <a href=\"https:\/\/rmc.bfmtv.com\/actualites\/police-justice\/faits-divers\/info-rmc-a-bordeaux-une-femme-comptait-tuer-son-ancien-compagnon-avec-la-complicite-de-son-fils_AV-202508090085.html\" target=\"_blank\" rel=\"nofollow noopener\">RMC<\/a>. La suspecte aurait alors sollicit\u00e9 son fils, \u00e2g\u00e9 de 26 ans et vivant en Belgique, pour l\u2019aider \u00e0 passer \u00e0 l\u2019acte. Quarante-huit heures apr\u00e8s cette d\u00e9nonciation, la police judiciaire localise la m\u00e8re et son fils \u00e0 proximit\u00e9 du domicile de leur cible. Ils sont arr\u00eat\u00e9s par le Raid avant de pouvoir agir. D\u2019apr\u00e8s les informations obtenues par notre confr\u00e8re, une fourgonnette lou\u00e9e par le fils contenait \u00ab tout le mat\u00e9riel pour faire dispara\u00eetre un corps \u00bb.<\/p>\n<p><a href=\"https:\/\/www.valeursactuelles.com\/faits-divers\/bordeaux-pour-echapper-a-la-police-des-cambrioleurs-font-semblant-de-dormir\" class=\"h-flex h-align-items-center h-border-tb h-ptb-15\" target=\"_blank\" rel=\"noopener\">A\u00a0LIRE\u00a0Bordeaux : pour \u00e9chapper \u00e0 la police, des cambrioleurs\u2026 font semblant de dormir<\/a><\/p>\n<p>Trois mises en examen<\/p>\n<p>La m\u00e8re, son fils et le nouveau compagnon de cette derni\u00e8re, \u00e2g\u00e9 de 52 ans, ont \u00e9t\u00e9 mis en examen pour \u00ab tentative d\u2019assassinat \u00bb et \u00ab association de malfaiteurs en vue de commettre un crime \u00bb. L\u2019enqu\u00eate est confi\u00e9e \u00e0 la Division de la Criminalit\u00e9 Organis\u00e9e et Sp\u00e9cialis\u00e9e (DCOS) de la Gironde. Plac\u00e9s en garde \u00e0 vue, les trois suspects ont reconnu avoir pr\u00e9vu de tuer l\u2019ex-compagnon de la quinquag\u00e9naire, tout en minimisant leur implication. Selon les enqu\u00eateurs contact\u00e9s par <a href=\"https:\/\/www.sudouest.fr\/faits-divers\/tuer-l-ex-mari-pour-l-argent-un-projet-d-assassinat-en-famille-stoppe-de-justesse-par-la-police-a-bordeaux-25512535.php\" target=\"_blank\" rel=\"nofollow noopener\">Sud Ouest<\/a>, le plan consistait \u00e0 se rendre \u00e0 son domicile bordelais pour l\u2019agresser, avant de faire dispara\u00eetre son corps dans un lac ou une for\u00eat, cependant aucune arme n\u2019a jamais \u00e9t\u00e9 retrouv\u00e9e. Une information judiciaire a \u00e9t\u00e9 ouverte et confi\u00e9e \u00e0 un juge d\u2019instruction du tribunal judiciaire de Bordeaux. Jeudi 7 ao\u00fbt, celui-ci a prononc\u00e9 leur mise en examen, notamment sur la base d\u2019actes pr\u00e9paratoires, rep\u00e9rages, location d\u2019un v\u00e9hicule, acquisition de mat\u00e9riel laissant peu de doute sur leurs intentions.<\/p>\n","protected":false},"excerpt":{"rendered":"Faits divers Soup\u00e7onn\u00e9s d\u2019avoir planifi\u00e9 le meurtre de son ex-conjoint, une m\u00e8re et son fils ont \u00e9t\u00e9 interpell\u00e9s&hellip;\n","protected":false},"author":2,"featured_media":308078,"comment_status":"","ping_status":"","sticky":false,"template":"","format":"standard","meta":{"footnotes":""},"categories":[2817],"tags":[1111,11,1997,1777,674,1742,1011,27,5875,12,2219,25,5118],"class_list":{"0":"post-308077","1":"post","2":"type-post","3":"status-publish","4":"format-standard","5":"has-post-thumbnail","7":"category-bordeaux","8":"tag-actu","9":"tag-actualites","10":"tag-bordeaux","11":"tag-eu","12":"tag-europe","13":"tag-fils","14":"tag-fr","15":"tag-france","16":"tag-mere","17":"tag-news","18":"tag-nouvelle-aquitaine","19":"tag-republique-francaise","20":"tag-tentative-de-meurtre"},"share_on_mastodon":{"url":"https:\/\/pubeurope.com\/@fr\/115000777414018240","error":""},"_links":{"self":[{"href":"https:\/\/www.europesays.com\/fr\/wp-json\/wp\/v2\/posts\/308077","targetHints":{"allow":["GET"]}}],"collection":[{"href":"https:\/\/www.europesays.com\/fr\/wp-json\/wp\/v2\/posts"}],"about":[{"href":"https:\/\/www.europesays.com\/fr\/wp-json\/wp\/v2\/types\/post"}],"author":[{"embeddable":true,"href":"https:\/\/www.europesays.com\/fr\/wp-json\/wp\/v2\/users\/2"}],"replies":[{"embeddable":true,"href":"https:\/\/www.europesays.com\/fr\/wp-json\/wp\/v2\/comments?post=308077"}],"version-history":[{"count":0,"href":"https:\/\/www.europesays.com\/fr\/wp-json\/wp\/v2\/posts\/308077\/revisions"}],"wp:featuredmedia":[{"embeddable":true,"href":"https:\/\/www.europesays.com\/fr\/wp-json\/wp\/v2\/media\/308078"}],"wp:attachment":[{"href":"https:\/\/www.europesays.com\/fr\/wp-json\/wp\/v2\/media?parent=308077"}],"wp:term":[{"taxonomy":"category","embeddable":true,"href":"https:\/\/www.europesays.com\/fr\/wp-json\/wp\/v2\/categories?post=308077"},{"taxonomy":"post_tag","embeddable":true,"href":"https:\/\/www.europesays.com\/fr\/wp-json\/wp\/v2\/tags?post=308077"}],"curies":[{"name":"wp","href":"https:\/\/api.w.org\/{rel}","templated":true}]}}