{"id":308082,"date":"2025-08-09T20:52:14","date_gmt":"2025-08-09T20:52:14","guid":{"rendered":"https:\/\/www.europesays.com\/fr\/308082\/"},"modified":"2025-08-09T20:52:14","modified_gmt":"2025-08-09T20:52:14","slug":"le-racing-se-relance-face-a-lille","status":"publish","type":"post","link":"https:\/\/www.europesays.com\/fr\/308082\/","title":{"rendered":"le Racing se relance face \u00e0 Lille"},"content":{"rendered":"<p>\u00ab\u00a0C\u2019est une victoire qui fait du bien et qui rebooste, estime Vincent Nogueira, le coach du Racing. Apr\u00e8s deux week-ends compliqu\u00e9s, elles commencent \u00e0 trouver leurs rep\u00e8res, et cela se voit\u00a0!\u00a0\u00bb<\/p>\n<p>C\u2019est avec beaucoup d\u2019envie que ses joueuses se sont rendues \u00e0 Hettange-Grande, en Moselle, pour affronter Lille.<\/p>\n<p>D\u2019embl\u00e9e, les Strasbourgeoises se montrent dominatrices, mais manquent&#8230;<\/p>\n","protected":false},"excerpt":{"rendered":"\u00ab\u00a0C\u2019est une victoire qui fait du bien et qui rebooste, estime Vincent Nogueira, le coach du Racing. Apr\u00e8s&hellip;\n","protected":false},"author":2,"featured_media":308083,"comment_status":"","ping_status":"","sticky":false,"template":"","format":"standard","meta":{"footnotes":""},"categories":[2815],"tags":[1111,11,2880,1777,674,107,63,1011,27,811,1307,12,43577,25,517,640,2879],"class_list":{"0":"post-308082","1":"post","2":"type-post","3":"status-publish","4":"format-standard","5":"has-post-thumbnail","7":"category-lille","8":"tag-actu","9":"tag-actualites","10":"tag-edition-strasbourg","11":"tag-eu","12":"tag-europe","13":"tag-fil-info","14":"tag-football","15":"tag-fr","16":"tag-france","17":"tag-hauts-de-france","18":"tag-lille","19":"tag-news","20":"tag-racing-club-strasbourg-feminin","21":"tag-republique-francaise","22":"tag-sport","23":"tag-strasbourg","24":"tag-strasbourg-ville"},"share_on_mastodon":{"url":"https:\/\/pubeurope.com\/@fr\/115000793167942960","error":""},"_links":{"self":[{"href":"https:\/\/www.europesays.com\/fr\/wp-json\/wp\/v2\/posts\/308082","targetHints":{"allow":["GET"]}}],"collection":[{"href":"https:\/\/www.europesays.com\/fr\/wp-json\/wp\/v2\/posts"}],"about":[{"href":"https:\/\/www.europesays.com\/fr\/wp-json\/wp\/v2\/types\/post"}],"author":[{"embeddable":true,"href":"https:\/\/www.europesays.com\/fr\/wp-json\/wp\/v2\/users\/2"}],"replies":[{"embeddable":true,"href":"https:\/\/www.europesays.com\/fr\/wp-json\/wp\/v2\/comments?post=308082"}],"version-history":[{"count":0,"href":"https:\/\/www.europesays.com\/fr\/wp-json\/wp\/v2\/posts\/308082\/revisions"}],"wp:featuredmedia":[{"embeddable":true,"href":"https:\/\/www.europesays.com\/fr\/wp-json\/wp\/v2\/media\/308083"}],"wp:attachment":[{"href":"https:\/\/www.europesays.com\/fr\/wp-json\/wp\/v2\/media?parent=308082"}],"wp:term":[{"taxonomy":"category","embeddable":true,"href":"https:\/\/www.europesays.com\/fr\/wp-json\/wp\/v2\/categories?post=308082"},{"taxonomy":"post_tag","embeddable":true,"href":"https:\/\/www.europesays.com\/fr\/wp-json\/wp\/v2\/tags?post=308082"}],"curies":[{"name":"wp","href":"https:\/\/api.w.org\/{rel}","templated":true}]}}