{"id":308089,"date":"2025-08-09T20:56:21","date_gmt":"2025-08-09T20:56:21","guid":{"rendered":"https:\/\/www.europesays.com\/fr\/308089\/"},"modified":"2025-08-09T20:56:21","modified_gmt":"2025-08-09T20:56:21","slug":"les-flammes-ravagent-son-appartement-un-homme-trouve-la-mort-a-givors","status":"publish","type":"post","link":"https:\/\/www.europesays.com\/fr\/308089\/","title":{"rendered":"les flammes ravagent son appartement, un homme trouve la mort \u00e0 Givors"},"content":{"rendered":"<p itemprop=\"description\"><strong>Le feu s&rsquo;est d\u00e9clar\u00e9 ce samedi apr\u00e8s-midi aux alentours de 14h.<\/strong><\/p>\n<p>Pour une raison inconnue, les flammes ont ravag\u00e9 un appartement du 3e \u00e9tage d&rsquo;un immeuble de la Cit\u00e9 Jules Vall\u00e8s dans le quartier des Vernes \u00e0 Givors. L&rsquo;habitant des lieux, \u00e2g\u00e9 d&rsquo;une quarantaine d&rsquo;ann\u00e9es, a \u00e9t\u00e9 pris en charge inconscient. Il n&rsquo;a pas pu \u00eatre ranim\u00e9 et est d\u00e9c\u00e9d\u00e9 sur place.<\/p>\n<p>Aucun autre bless\u00e9 n&rsquo;est \u00e0 d\u00e9plorer, les riverains ont pu \u00e9vacuer les lieux pendant l&rsquo;op\u00e9ration des pompiers.<\/p>\n<p>Une enqu\u00eate a \u00e9t\u00e9 ouverte pour faire toute la lumi\u00e8re sur cet incendie mortel, le 2e de la semaine dans l&rsquo;agglom\u00e9ration apr\u00e8s le d\u00e9c\u00e8s d&rsquo;un homme jeudi, pi\u00e9g\u00e9 par les flammes dans son appartement de la rue de Bonnel dans le 3e arrondissement de Lyon.<\/p>\n<p>\u00ab\u00a0Au nom de la municipalit\u00e9, j\u2019adresse mes plus sinc\u00e8res condol\u00e9ances \u00e0 sa famille, \u00e0 ses proches et \u00e0 l\u2019ensemble de celles et ceux qui sont touch\u00e9s par ce drame. Mes pens\u00e9es vont \u00e9galement aux voisins et aux t\u00e9moins, profond\u00e9ment marqu\u00e9s par cet \u00e9v\u00e9nement tragique. Nous restons pleinement mobilis\u00e9s aux c\u00f4t\u00e9s des services de secours\u00a0\u00bb, a r\u00e9agi le maire de Givors, <a href=\"https:\/\/www.lyonmag.com\/profil-personnalite-lyonnaise\/559\/mohamed-boudjellaba\" target=\"_blank\" rel=\"noopener nofollow\">Mohamed Boudjellaba<\/a>.            <\/p>\n","protected":false},"excerpt":{"rendered":"Le feu s&rsquo;est d\u00e9clar\u00e9 ce samedi apr\u00e8s-midi aux alentours de 14h. Pour une raison inconnue, les flammes ont&hellip;\n","protected":false},"author":2,"featured_media":308090,"comment_status":"","ping_status":"","sticky":false,"template":"","format":"standard","meta":{"footnotes":""},"categories":[1889],"tags":[1111,11,2813,2190,2430,1109,251,1112,2811,1777,674,118,1011,27,1922,1110,1114,2428,2810,12,241,316,25,2812,517,800],"class_list":{"0":"post-308089","1":"post","2":"type-post","3":"status-publish","4":"format-standard","5":"has-post-thumbnail","7":"category-lyon","8":"tag-actu","9":"tag-actualites","10":"tag-article","11":"tag-asvel","12":"tag-auvergne-rhone-alpes","13":"tag-breves","14":"tag-culture","15":"tag-depeches","16":"tag-economique","17":"tag-eu","18":"tag-europe","19":"tag-faits-divers","20":"tag-fr","21":"tag-france","22":"tag-info","23":"tag-informations","24":"tag-infos","25":"tag-lyon","26":"tag-lyonmag","27":"tag-news","28":"tag-ol","29":"tag-politique","30":"tag-republique-francaise","31":"tag-sociale","32":"tag-sport","33":"tag-transports"},"share_on_mastodon":{"url":"https:\/\/pubeurope.com\/@fr\/115000808769236484","error":""},"_links":{"self":[{"href":"https:\/\/www.europesays.com\/fr\/wp-json\/wp\/v2\/posts\/308089","targetHints":{"allow":["GET"]}}],"collection":[{"href":"https:\/\/www.europesays.com\/fr\/wp-json\/wp\/v2\/posts"}],"about":[{"href":"https:\/\/www.europesays.com\/fr\/wp-json\/wp\/v2\/types\/post"}],"author":[{"embeddable":true,"href":"https:\/\/www.europesays.com\/fr\/wp-json\/wp\/v2\/users\/2"}],"replies":[{"embeddable":true,"href":"https:\/\/www.europesays.com\/fr\/wp-json\/wp\/v2\/comments?post=308089"}],"version-history":[{"count":0,"href":"https:\/\/www.europesays.com\/fr\/wp-json\/wp\/v2\/posts\/308089\/revisions"}],"wp:featuredmedia":[{"embeddable":true,"href":"https:\/\/www.europesays.com\/fr\/wp-json\/wp\/v2\/media\/308090"}],"wp:attachment":[{"href":"https:\/\/www.europesays.com\/fr\/wp-json\/wp\/v2\/media?parent=308089"}],"wp:term":[{"taxonomy":"category","embeddable":true,"href":"https:\/\/www.europesays.com\/fr\/wp-json\/wp\/v2\/categories?post=308089"},{"taxonomy":"post_tag","embeddable":true,"href":"https:\/\/www.europesays.com\/fr\/wp-json\/wp\/v2\/tags?post=308089"}],"curies":[{"name":"wp","href":"https:\/\/api.w.org\/{rel}","templated":true}]}}