{"id":308091,"date":"2025-08-09T20:59:13","date_gmt":"2025-08-09T20:59:13","guid":{"rendered":"https:\/\/www.europesays.com\/fr\/308091\/"},"modified":"2025-08-09T20:59:13","modified_gmt":"2025-08-09T20:59:13","slug":"lucas-chevalier-premiere-grande-recrue-du-psg-champion-deurope-un-nouveau-gardien-dans-lombre-de-gianluigi-donnarumma","status":"publish","type":"post","link":"https:\/\/www.europesays.com\/fr\/308091\/","title":{"rendered":"Lucas Chevalier, premi\u00e8re grande recrue du PSG champion d\u2019Europe, un nouveau gardien dans l\u2019ombre de Gianluigi Donnarumma"},"content":{"rendered":"<p>                         <img loading=\"lazy\" decoding=\"async\" src=\"https:\/\/www.europesays.com\/fr\/wp-content\/uploads\/2025\/08\/2436753_upload-1-oz7g7ewfbw04-000-36uh3jy.jpg\" alt=\"Le gardien du LOSC, Lucas Chevalier, lors d\u2019un match face \u00e0 l\u2019OGC Nice, le 17\u00a0janvier 2025\u00a0\u00e0 Villeneuve-d\u2019Ascq (Nord).\"   width=\"664\" height=\"443\"\/>    Le gardien du LOSC, Lucas Chevalier, lors d\u2019un match face \u00e0 l\u2019OGC Nice, le 17\u00a0janvier 2025\u00a0\u00e0 Villeneuve-d\u2019Ascq (Nord).  SAMEER AL-DOUMY \/ AFP                 <\/p>\n<p class=\"article__paragraph  \">Faut-il changer une \u00e9quipe qui gagne\u00a0? Le premier mouvement du Paris Saint-Germain (PSG) sur le march\u00e9 des transferts depuis son sacre en Ligue des champions y r\u00e9pond. Samedi 9\u00a0ao\u00fbt, le club de la capitale a annonc\u00e9 sa premi\u00e8re grande recrue de l\u2019intersaison et la signature de Lucas Chevalier pour cinq saisons. Le gardien fran\u00e7ais de 23\u00a0ans, form\u00e9 au LOSC (Lille Olympique Sporting Club) o\u00f9 il a \u00e9clat\u00e9 au grand jour \u2013\u00a0notamment en Ligue des champions la saison pass\u00e9e\u00a0\u2013, d\u00e9sormais num\u00e9ro\u00a02\u00a0en \u00e9quipe de France, a \u00e9t\u00e9 recrut\u00e9 pour succ\u00e9der \u00e0 Gianluigi Donnarumma.<\/p>\n<p>   Lire plus tard  <\/p>\n<p class=\"article__paragraph  \">Disposant encore d\u2019un an de contrat mais ne s\u2019\u00e9tant pas mis d\u2019accord avec le PSG pour prolonger, le portier international italien, grand artisan de la campagne victorieuse des rouge et bleu dans la comp\u00e9tition reine en Europe, est pouss\u00e9 dehors par ce transfert, estim\u00e9 \u00e0 plus de 55\u00a0millions d\u2019euros (primes comprises). Et ce, alors qu\u2019il est en passe d\u2019\u00eatre d\u00e9sign\u00e9 meilleur gardien du monde.<\/p>\n<p class=\"reading-mode-only \"><strong>Il vous reste 81.42% de cet article \u00e0 lire. La suite est r\u00e9serv\u00e9e aux abonn\u00e9s.<\/strong><\/p>\n","protected":false},"excerpt":{"rendered":"Le gardien du LOSC, Lucas Chevalier, lors d\u2019un match face \u00e0 l\u2019OGC Nice, le 17\u00a0janvier 2025\u00a0\u00e0 Villeneuve-d\u2019Ascq (Nord).&hellip;\n","protected":false},"author":2,"featured_media":308092,"comment_status":"","ping_status":"","sticky":false,"template":"","format":"standard","meta":{"footnotes":""},"categories":[1888],"tags":[1111,1928,11,1927,1777,674,1011,27,12,1926,626,1925,25],"class_list":{"0":"post-308091","1":"post","2":"type-post","3":"status-publish","4":"format-standard","5":"has-post-thumbnail","7":"category-paris","8":"tag-actu","9":"tag-actu-paris","10":"tag-actualites","11":"tag-actualites-paris","12":"tag-eu","13":"tag-europe","14":"tag-fr","15":"tag-france","16":"tag-news","17":"tag-news-paris","18":"tag-paris","19":"tag-paris-news","20":"tag-republique-francaise"},"share_on_mastodon":{"url":"https:\/\/pubeurope.com\/@fr\/115000820744155248","error":""},"_links":{"self":[{"href":"https:\/\/www.europesays.com\/fr\/wp-json\/wp\/v2\/posts\/308091","targetHints":{"allow":["GET"]}}],"collection":[{"href":"https:\/\/www.europesays.com\/fr\/wp-json\/wp\/v2\/posts"}],"about":[{"href":"https:\/\/www.europesays.com\/fr\/wp-json\/wp\/v2\/types\/post"}],"author":[{"embeddable":true,"href":"https:\/\/www.europesays.com\/fr\/wp-json\/wp\/v2\/users\/2"}],"replies":[{"embeddable":true,"href":"https:\/\/www.europesays.com\/fr\/wp-json\/wp\/v2\/comments?post=308091"}],"version-history":[{"count":0,"href":"https:\/\/www.europesays.com\/fr\/wp-json\/wp\/v2\/posts\/308091\/revisions"}],"wp:featuredmedia":[{"embeddable":true,"href":"https:\/\/www.europesays.com\/fr\/wp-json\/wp\/v2\/media\/308092"}],"wp:attachment":[{"href":"https:\/\/www.europesays.com\/fr\/wp-json\/wp\/v2\/media?parent=308091"}],"wp:term":[{"taxonomy":"category","embeddable":true,"href":"https:\/\/www.europesays.com\/fr\/wp-json\/wp\/v2\/categories?post=308091"},{"taxonomy":"post_tag","embeddable":true,"href":"https:\/\/www.europesays.com\/fr\/wp-json\/wp\/v2\/tags?post=308091"}],"curies":[{"name":"wp","href":"https:\/\/api.w.org\/{rel}","templated":true}]}}