{"id":308093,"date":"2025-08-09T21:00:31","date_gmt":"2025-08-09T21:00:31","guid":{"rendered":"https:\/\/www.europesays.com\/fr\/308093\/"},"modified":"2025-08-09T21:00:31","modified_gmt":"2025-08-09T21:00:31","slug":"serenade-royale-et-grandes-eaux-au-chateau-de-versailles","status":"publish","type":"post","link":"https:\/\/www.europesays.com\/fr\/308093\/","title":{"rendered":"S\u00e9r\u00e9nade royale et Grandes Eaux au ch\u00e2teau de Versailles"},"content":{"rendered":"<p>Toki Woki prend la direction du ch\u00e2teau de Versailles pour une plong\u00e9e dans l\u2019univers de Louis XIV, le temps d&rsquo;une soir\u00e9e f\u00e9erique. <\/p>\n<p>\n      L\u2019actu des r\u00e9gions\n    <\/p>\n<p>\n      Chaque jour, un tour d\u2019horizon des principales infos de toutes les r\u00e9gions.\n    <\/p>\n<p>    France T\u00e9l\u00e9visions utilise votre adresse e-mail afin de vous envoyer la newsletter \u00ab\u00a0L\u2019actu des r\u00e9gions\u00a0\u00bb. Vous pouvez vous d\u00e9sinscrire \u00e0 tout moment via le lien en bas de cette newsletter. <a target=\"_blank\" href=\"https:\/\/www.francetelevisions.fr\/groupe\/confidentialite\/politique-de-confidentialite\/politique-de-confidentialite-de-france-televisions-6503\" rel=\"nofollow noopener\">Notre politique de confidentialit\u00e9<\/a><\/p>\n<p>Chaque ann\u00e9e ,dans les salons du roi, les danseurs et musiciens de l\u2019Acad\u00e9mie et de l\u2019Op\u00e9ra Royal vous replongent dans l\u2019\u00e9poque baroque avec la S\u00e9r\u00e9nade Royale de la Galerie des Glaces suivie, \u00e0 la tomb\u00e9e de la nuit, des Grandes Eaux nocturnes des jardins royaux. <\/p>\n<p>La S\u00e9r\u00e9nade Royale est une visite-spectacle qui prend place \u00e0 l&rsquo;int\u00e9rieur du ch\u00e2teau. Chaque arr\u00eat est l&rsquo;occasion de d\u00e9couvrir des sayn\u00e8tes interpr\u00e9t\u00e9es par des artistes de l&rsquo;Acad\u00e9mie ou de l\u2019Op\u00e9ra Royal du ch\u00e2teau de Versailles. Chanteurs, musiciens et m\u00eame escrimeurs vous replongent au c\u0153ur de la cour du Roi Soleil. <\/p>\n<p>\u00c0 la fin de cette d\u00e9ambulation int\u00e9rieure, les invit\u00e9s rejoignent ensuite les jardins pour assister \u00e0 un feu d\u2019artifice exceptionnel qui se refl\u00e8tent dans les 55 bassins et fontaines du domaine. <\/p>\n<p>Ne loupez rien des festivit\u00e9s en regardant \u00ab\u00a0Toki Woki\u00a0\u00bb, en replay sur notre site <a target=\"_blank\" rel=\"noopener noreferrer nofollow\" href=\"https:\/\/www.france.tv\/france-3\/paris-ile-de-france\/toki-woki\/7299800-toki-woki-chateau-de-versailles.html#about-section\">france.tv\/idf<\/a><\/p>\n","protected":false},"excerpt":{"rendered":"Toki Woki prend la direction du ch\u00e2teau de Versailles pour une plong\u00e9e dans l\u2019univers de Louis XIV, le&hellip;\n","protected":false},"author":2,"featured_media":308094,"comment_status":"","ping_status":"","sticky":false,"template":"","format":"standard","meta":{"footnotes":""},"categories":[1888],"tags":[1111,1928,11,1927,1777,674,1011,27,12,1926,626,1925,25],"class_list":{"0":"post-308093","1":"post","2":"type-post","3":"status-publish","4":"format-standard","5":"has-post-thumbnail","7":"category-paris","8":"tag-actu","9":"tag-actu-paris","10":"tag-actualites","11":"tag-actualites-paris","12":"tag-eu","13":"tag-europe","14":"tag-fr","15":"tag-france","16":"tag-news","17":"tag-news-paris","18":"tag-paris","19":"tag-paris-news","20":"tag-republique-francaise"},"share_on_mastodon":{"url":"https:\/\/pubeurope.com\/@fr\/115000824560217591","error":""},"_links":{"self":[{"href":"https:\/\/www.europesays.com\/fr\/wp-json\/wp\/v2\/posts\/308093","targetHints":{"allow":["GET"]}}],"collection":[{"href":"https:\/\/www.europesays.com\/fr\/wp-json\/wp\/v2\/posts"}],"about":[{"href":"https:\/\/www.europesays.com\/fr\/wp-json\/wp\/v2\/types\/post"}],"author":[{"embeddable":true,"href":"https:\/\/www.europesays.com\/fr\/wp-json\/wp\/v2\/users\/2"}],"replies":[{"embeddable":true,"href":"https:\/\/www.europesays.com\/fr\/wp-json\/wp\/v2\/comments?post=308093"}],"version-history":[{"count":0,"href":"https:\/\/www.europesays.com\/fr\/wp-json\/wp\/v2\/posts\/308093\/revisions"}],"wp:featuredmedia":[{"embeddable":true,"href":"https:\/\/www.europesays.com\/fr\/wp-json\/wp\/v2\/media\/308094"}],"wp:attachment":[{"href":"https:\/\/www.europesays.com\/fr\/wp-json\/wp\/v2\/media?parent=308093"}],"wp:term":[{"taxonomy":"category","embeddable":true,"href":"https:\/\/www.europesays.com\/fr\/wp-json\/wp\/v2\/categories?post=308093"},{"taxonomy":"post_tag","embeddable":true,"href":"https:\/\/www.europesays.com\/fr\/wp-json\/wp\/v2\/tags?post=308093"}],"curies":[{"name":"wp","href":"https:\/\/api.w.org\/{rel}","templated":true}]}}