{"id":308095,"date":"2025-08-09T21:01:15","date_gmt":"2025-08-09T21:01:15","guid":{"rendered":"https:\/\/www.europesays.com\/fr\/308095\/"},"modified":"2025-08-09T21:01:15","modified_gmt":"2025-08-09T21:01:15","slug":"il-va-falloir-sy-habituer-ces-trains-supprimes-en-raison-de-la-chaleur-et-dun-parc-vieillissant","status":"publish","type":"post","link":"https:\/\/www.europesays.com\/fr\/308095\/","title":{"rendered":"\u00ab\u00a0Il va falloir s\u2019y habituer\u00a0\u00bb\u00a0: ces trains supprim\u00e9s en raison de la chaleur\u2026 et d\u2019un parc vieillissant"},"content":{"rendered":"<p class=\"paragraph text_align_left lp-f-body-02\">Coup de chaud sur les Intercit\u00e9s. Ce week-end \u2014 et jusqu\u2019\u00e0 lundi inclus au moins \u2014 en raison de la <a href=\"https:\/\/www.leparisien.fr\/meteo\/canicule-28-departements-en-vigilance-orange-ce-samedi-40-a-partir-de-dimanche-09-08-2025-EN5R452T5FB4JFEKZOZV25NVAM.php\" target=\"_blank\" rel=\"noreferrer nofollow noopener\">vague de chaleur<\/a> qui d\u00e9ferle sur le pays, <a href=\"https:\/\/www.leparisien.fr\/faits-divers\/canicule-voici-les-trains-annules-ce-week-end-a-cause-des-fortes-chaleurs-09-08-2025-I7U37HZK2RASVA7DXZSILRSWP4.php\" target=\"_self\" rel=\"nofollow noopener\">de nombreux trains sont supprim\u00e9s<\/a> par la <a href=\"https:\/\/www.leparisien.fr\/economie\/sncf\/\" target=\"_self\" rel=\"nofollow noopener\">SNCF<\/a> sur les lignes Bordeaux-Marseille (trois allers-retours supprim\u00e9s par jour), Paris-Limoges-Toulouse (entre 2,5 et trois allers-retours supprim\u00e9s) et Paris-Clermont (entre 1,5 et deux allers-retours supprim\u00e9s).<\/p>\n<p class=\"paragraph text_align_left lp-f-body-02\">Pour l\u2019instant, la SNCF ne communique pas sur de possibles suppressions de trains au-del\u00e0 de lundi, alors que le pic de la <a href=\"https:\/\/www.leparisien.fr\/meteo\/canicule\/\" target=\"_blank\" rel=\"noreferrer nofollow noopener\">canicule<\/a> pourrait intervenir en milieu de semaine. Mais d\u00e9j\u00e0, selon un mail interne que nous avons pu consulter, d\u2019autres annulations sont programm\u00e9es mardi 12 ao\u00fbt sur les lignes Bordeaux-Marseille (trois trains) et Paris-Clermont-Ferrand (deux trains). La raison de ces annonces ? Les tr\u00e8s fortes chaleurs pr\u00e9vues dans les jours \u00e0 venir dans le centre et le sud de la France.<\/p>\n","protected":false},"excerpt":{"rendered":"Coup de chaud sur les Intercit\u00e9s. Ce week-end \u2014 et jusqu\u2019\u00e0 lundi inclus au moins \u2014 en raison&hellip;\n","protected":false},"author":2,"featured_media":308096,"comment_status":"","ping_status":"","sticky":false,"template":"","format":"standard","meta":{"footnotes":""},"categories":[1888],"tags":[11,33,1777,674,1011,27,2487,12,626,25],"class_list":{"0":"post-308095","1":"post","2":"type-post","3":"status-publish","4":"format-standard","5":"has-post-thumbnail","7":"category-paris","8":"tag-actualites","9":"tag-economie","10":"tag-eu","11":"tag-europe","12":"tag-fr","13":"tag-france","14":"tag-meteo","15":"tag-news","16":"tag-paris","17":"tag-republique-francaise"},"share_on_mastodon":{"url":"https:\/\/pubeurope.com\/@fr\/115000828485531196","error":""},"_links":{"self":[{"href":"https:\/\/www.europesays.com\/fr\/wp-json\/wp\/v2\/posts\/308095","targetHints":{"allow":["GET"]}}],"collection":[{"href":"https:\/\/www.europesays.com\/fr\/wp-json\/wp\/v2\/posts"}],"about":[{"href":"https:\/\/www.europesays.com\/fr\/wp-json\/wp\/v2\/types\/post"}],"author":[{"embeddable":true,"href":"https:\/\/www.europesays.com\/fr\/wp-json\/wp\/v2\/users\/2"}],"replies":[{"embeddable":true,"href":"https:\/\/www.europesays.com\/fr\/wp-json\/wp\/v2\/comments?post=308095"}],"version-history":[{"count":0,"href":"https:\/\/www.europesays.com\/fr\/wp-json\/wp\/v2\/posts\/308095\/revisions"}],"wp:featuredmedia":[{"embeddable":true,"href":"https:\/\/www.europesays.com\/fr\/wp-json\/wp\/v2\/media\/308096"}],"wp:attachment":[{"href":"https:\/\/www.europesays.com\/fr\/wp-json\/wp\/v2\/media?parent=308095"}],"wp:term":[{"taxonomy":"category","embeddable":true,"href":"https:\/\/www.europesays.com\/fr\/wp-json\/wp\/v2\/categories?post=308095"},{"taxonomy":"post_tag","embeddable":true,"href":"https:\/\/www.europesays.com\/fr\/wp-json\/wp\/v2\/tags?post=308095"}],"curies":[{"name":"wp","href":"https:\/\/api.w.org\/{rel}","templated":true}]}}