{"id":308099,"date":"2025-08-09T21:03:13","date_gmt":"2025-08-09T21:03:13","guid":{"rendered":"https:\/\/www.europesays.com\/fr\/308099\/"},"modified":"2025-08-09T21:03:13","modified_gmt":"2025-08-09T21:03:13","slug":"je-ne-vois-pas-comment-cette-cohabitation-peut-durer-lukrainien-ilya-zabarni-et-le-russe-matvei-safonov-nouveaux-coequipiers-au-psg-dans-lombre-de-la-guerre-lequip","status":"publish","type":"post","link":"https:\/\/www.europesays.com\/fr\/308099\/","title":{"rendered":"\u00ab Je ne vois pas comment cette cohabitation peut durer \u00bb : l&#039;Ukrainien Ilya Zabarni et le Russe Matve\u00ef Safonov, nouveaux co\u00e9quipiers au PSG dans l&#039;ombre de la guerre &#8211; L&#039;\u00c9quipe"},"content":{"rendered":"<ol>\n<li><a href=\"https:\/\/news.google.com\/rss\/articles\/CBMisAJBVV95cUxNaTJwRHkyNHVleXR1T0NJUDRJMThYUUFDNElsOFk5MEgtWmFzOG5yOUdVVWhqS2RJN1FVUkRXRnZHdGx6YW5vWjd5bWdhMlg1Q2F5bVZTR0VmWGRSUjB6QklDMGFfam5KTnJKQU8xZ3N3RUxpYl9wci02ck4wdWpyUFFEd1NieHVPZ09DX3J4a3lrSFVZUXZBS3hTYkEtM3Q5bDQ4TFhVelVMRjlobVlJaDR3bS04d3AyS0paWDN6SzI2SDZSREhJT012aWlNWDVmX19YN0NIZ2xKZDJKZVNBY09GS3ZXdXk0emxiZnEtZEE5RmdBSDRkMU5mUTBDQ3J6NWNQeVlSSzJrY2RhM2NaS0MwUGRYNWk1TzlkdkI1THB4NVVRRU5fbVhQZHpBWm83?oc=5\" target=\"_blank\" rel=\"nofollow noopener\">\u00ab Je ne vois pas comment cette cohabitation peut durer \u00bb : l&rsquo;Ukrainien Ilya Zabarni et le Russe Matve\u00ef Safonov, nouveaux co\u00e9quipiers au PSG dans l&rsquo;ombre de la guerre<\/a>&nbsp;&nbsp;L&rsquo;\u00c9quipe<\/li>\n<li><a href=\"https:\/\/news.google.com\/rss\/articles\/CBMi1gFBVV95cUxPbnlGNzZINVFBbzdCa2FXWEhaaktXcHItMlBsQ0lqV1RabkJYRDRuRzhFUTctZzFheC1MX2xFRXJYUEpjLV9zUDZNMmhMRnc2N3N4andnR010QndnS09UaWl1U0hMTkk4dXVBa0xrQnlVNzlUQURpVmtJclBfaWtwVnpoX2hKNHVVb0YwWGVIYmt4WFlPQndzaUNvUnRLT19TRWx6TTIybTZwNUtOeWF1aTZ5X3MyRFlPdjJpRkJEcEhZcl95ZEZ1NGJXMy11d2s5eUJ1WkJ30gHUAUFVX3lxTE9aS1VMRHZCbnhMQ3loT3RITk5XcUZ3U0VocDFxcjJBa0FXcldrZk9Ob3hTMnBVWVhjZ1VkaFAxaG8wUm9FQXRpR3kwdFIxb2RLUWd3Ym05ajZ4bGw5c002d2NjbFYtbmlKVUhpc3BBWEVuWmlCMHpPUVJjMjFlTHFRWEgwTUFYX2JpaXVTQ0ZKMXE2Y1ZVU29zMktLWDhDNG5BRU0xTFlOUzlLQlV1UXo5YnE5dzhnWnlzMk1QMnhtWGptMDJDQXItOUhodnVqMmNmeDRJ?oc=5\" target=\"_blank\" rel=\"nofollow noopener\">PSG : Accord trouv\u00e9 pour Zabarnyi, Diakite lui succ\u00e8de en Premier League<\/a>&nbsp;&nbsp;Orange Actualit\u00e9s | Sports<\/li>\n<li><a href=\"https:\/\/news.google.com\/rss\/articles\/CBMi7AFBVV95cUxNM2dQcDBvOGtlaHJxazhhQWNyZ3RSSFRJWTNiMFJ6TDFtdUFiNzYtMlV2OGs3emVEdDB5RXlZMWVQWk1JQXh1RGMybTJjSElscXZocVp6ZF9DeGEwZ2ZZNGItVFlHay1xTm5tOE04UlpaM2FJUjdGclprN1FhTmpGMXJvcmt1dUFXVjdxSUhLdmpUeTBOM3FrYW5JQTBQMjBFeV9aRXU1eDZZVjFYdFFTbGY3OXZLTl9jRHVjZngtUVJCVllyRlZoMWlZZkdGVm5sVHJLRUJKUkZ4MjFkQ2pwQ1oyR2RBdFR6YW9Mbw?oc=5\" target=\"_blank\" rel=\"nofollow noopener\">PSG : avec Chevalier et Zabarnyi, Paris a-t-il d\u00e9j\u00e0 termin\u00e9 son mercato ?<\/a>&nbsp;&nbsp;Le Parisien<\/li>\n<li><a href=\"https:\/\/news.google.com\/rss\/articles\/CBMimwJBVV95cUxPVVBJeVN1QWMwdXBiTTRpYnZSb2FpNTRqZjhlT2xCN1RpMXc5Vzh1ZS1fNXhETEtwUWxKM0ZCS0ZWWkE0cGRvTDNjQWFhWHhLWndJT2JHQVh5U0RQazJzaG12SXVhZTIyS3dsb29qVi1hc1dsZE05TUZUREpYb0FIZWM4cktpcmR0MF9RXzFNSDhqempRbmYyd25UbVJPV0h5V1RZTnZVN19sSGJqekJDY0xfTUVac1RnLWsyNEcyWnpwS1Y2d1U1T3F2aXZqYXphejZnZ2lpVDAxZ2gxWFpxc1VnWWNBSWhNeGZHb3d2OV9hUnF2b0tJX1hpZkFBNWlrYVU3OElzeU92ZHBrUElCd2NnX1dDR1JOclBR?oc=5\" target=\"_blank\" rel=\"nofollow noopener\">Jackpot en vue pour Lille avec Diakit\u00e9, Rennes piste un (autre) Marseillais, Millot en Arabie saoudite&#8230;Les 5 infos mercato du jour<\/a>&nbsp;&nbsp;Le Figaro<\/li>\n<li><a href=\"https:\/\/news.google.com\/rss\/articles\/CBMitwJBVV95cUxPSGpqd3gxQXJ1N3QyNlNBMXNOcjlzQTgxTnY1VFV5U0JlZElGM1N3WUZXRkVzRDNsN0J1ODU5bXBBTU9xa3plRmR5cjZVR2dnR3ZHV2RlRFZRN2VsSEg1QTk3SE1BR2dncFB4YnMzaFUxRnNaZjVHNEI2Mm05OEpXSWFwY2g0SFlrNW5ULVZsdS1uS05xaGtjOUJ4b0xTRzZZaTNnTTZudEtEb0FXNFppc2txdHFMOU9FNjRnOUF4OFBBTU9HMVZOMVFIZzFwQlExMjBoYUtIM0JpY2RuMnRoYlZuc3UwYmVtNkU4dy1CX0p1S1VQRXg1WXNlUVQ0QUpTaGtGc3kyejNGaktjd0ZkY25PeTBiVGRHVUx6NzNnV0hYTUlkVVBFd1RQekZ2Y2JUX2pRVkgwVQ?oc=5\" target=\"_blank\" rel=\"nofollow noopener\">Accord total : Zabarnyi au PSG, c\u2019est comme si c\u2019\u00e9tait fait<\/a>&nbsp;&nbsp;Eurosport<\/li>\n<\/ol>\n","protected":false},"excerpt":{"rendered":"\u00ab Je ne vois pas comment cette cohabitation peut durer \u00bb : l&rsquo;Ukrainien Ilya Zabarni et le Russe&hellip;\n","protected":false},"author":2,"featured_media":308100,"comment_status":"","ping_status":"","sticky":false,"template":"","format":"standard","meta":{"footnotes":""},"categories":[1591],"tags":[11,1887,12,1885,1886,132],"class_list":{"0":"post-308099","1":"post","2":"type-post","3":"status-publish","4":"format-standard","5":"has-post-thumbnail","7":"category-russie","8":"tag-actualites","9":"tag-federation-de-russie","10":"tag-news","11":"tag-russia","12":"tag-russian-federation","13":"tag-russie"},"share_on_mastodon":{"url":"https:\/\/pubeurope.com\/@fr\/115000836317409619","error":""},"_links":{"self":[{"href":"https:\/\/www.europesays.com\/fr\/wp-json\/wp\/v2\/posts\/308099","targetHints":{"allow":["GET"]}}],"collection":[{"href":"https:\/\/www.europesays.com\/fr\/wp-json\/wp\/v2\/posts"}],"about":[{"href":"https:\/\/www.europesays.com\/fr\/wp-json\/wp\/v2\/types\/post"}],"author":[{"embeddable":true,"href":"https:\/\/www.europesays.com\/fr\/wp-json\/wp\/v2\/users\/2"}],"replies":[{"embeddable":true,"href":"https:\/\/www.europesays.com\/fr\/wp-json\/wp\/v2\/comments?post=308099"}],"version-history":[{"count":0,"href":"https:\/\/www.europesays.com\/fr\/wp-json\/wp\/v2\/posts\/308099\/revisions"}],"wp:featuredmedia":[{"embeddable":true,"href":"https:\/\/www.europesays.com\/fr\/wp-json\/wp\/v2\/media\/308100"}],"wp:attachment":[{"href":"https:\/\/www.europesays.com\/fr\/wp-json\/wp\/v2\/media?parent=308099"}],"wp:term":[{"taxonomy":"category","embeddable":true,"href":"https:\/\/www.europesays.com\/fr\/wp-json\/wp\/v2\/categories?post=308099"},{"taxonomy":"post_tag","embeddable":true,"href":"https:\/\/www.europesays.com\/fr\/wp-json\/wp\/v2\/tags?post=308099"}],"curies":[{"name":"wp","href":"https:\/\/api.w.org\/{rel}","templated":true}]}}