{"id":308101,"date":"2025-08-09T21:04:10","date_gmt":"2025-08-09T21:04:10","guid":{"rendered":"https:\/\/www.europesays.com\/fr\/308101\/"},"modified":"2025-08-09T21:04:10","modified_gmt":"2025-08-09T21:04:10","slug":"la-reunion-organisee-a-londres-a-ete-constructive-affirme-zelensky","status":"publish","type":"post","link":"https:\/\/www.europesays.com\/fr\/308101\/","title":{"rendered":"la r\u00e9union organis\u00e9e \u00e0 Londres \u00aba \u00e9t\u00e9 constructive\u00bb, affirme Zelensky"},"content":{"rendered":"<p>Le ministre des Affaires \u00e9trang\u00e8res britannique et le vice-pr\u00e9sident am\u00e9ricain ont organis\u00e9 ce samedi une r\u00e9union des conseillers \u00e0 la s\u00e9curit\u00e9 nationale europ\u00e9ens et am\u00e9ricains au sujet la guerre en Ukraine.<\/p>\n<p class=\"fig-paragraph\">Ce samedi 9 ao\u00fbt, le ministre des Affaires \u00e9trang\u00e8res britannique David Lammy et le vice-pr\u00e9sident am\u00e9ricain\u00a0<a href=\"http:\/\/www.lefigaro.fr\/international\/jd-vance-soupconne-d-avoir-fait-modifier-le-debit-d-une-riviere-pour-la-descendre-en-canoe-kayak-20250807\" target=\"_blank\" data-fig-type=\"Article\" rel=\"noopener\" data-gtm-custom-categorie=\"navigation\" data-gtm-custom-action=\"crossclick\" data-gtm-custom-label=\"Contextuel\" data-gtm-event=\"customEventSPE\" data-fig-domain=\"LEFIGARO\">JD Vance<\/a>\u00a0ont organis\u00e9 une<a href=\"http:\/\/www.lefigaro.fr\/international\/guerre-en-ukraine-trump-evoque-un-echange-de-territoires-avec-la-russie-zelensky-promet-que-les-ukrainiens-n-abandonneront-pas-leur-terre-20250809\" data-fig-type=\"NewsFlash\" data-gtm-custom-categorie=\"navigation\" data-gtm-custom-action=\"crossclick\" data-gtm-custom-label=\"Contextuel\" data-gtm-event=\"customEventSPE\" data-fig-domain=\"LEFIGARO\" target=\"_blank\" rel=\"noopener\">\u00a0r\u00e9union des conseillers \u00e0 la s\u00e9curit\u00e9 nationale europ\u00e9ens et am\u00e9ricains<\/a>\u00a0au sujet la guerre en Ukraine. Les \u00c9tats-Unis, le Royaume-Uni, la France, l\u2019Allemagne, l\u2019Italie, la Finlande et la Pologne ont pris part aux discussions. Un \u00e9change concluant d\u2019apr\u00e8s le dirigeant ukrainien. \u00abLa r\u00e9union a \u00e9t\u00e9 constructive\u00bb, a d\u00e9clar\u00e9\u00a0<a href=\"http:\/\/www.lefigaro.fr\/international\/guerre-en-ukraine-l-europe-doit-participer-aux-negociations-de-paix-exhorte-volodymyr-zelensky-20250807\" data-fig-type=\"NewsFlash\" data-gtm-custom-categorie=\"navigation\" data-gtm-custom-action=\"crossclick\" data-gtm-custom-label=\"Contextuel\" data-gtm-event=\"customEventSPE\" data-fig-domain=\"LEFIGARO\" target=\"_blank\" rel=\"noopener\">Volodymyr Zelensky<\/a>\u00a0dans une vid\u00e9o relay\u00e9e sur les r\u00e9seaux sociaux.<\/p>\n<p class=\"fig-paragraph\">Dans cette derni\u00e8re, le pr\u00e9sident ukrainien exhorte les dirigeants \u00e0 se mobiliser pour trouver une solution p\u00e9renne. \u00abDes r\u00e9sultats sont n\u00e9cessaires au niveau des dirigeants. Des r\u00e9sultats dignes, des r\u00e9sultats qui sauveront des vies, que le monde appr\u00e9ciera et pour lesquels il sera reconnaissant au dirigeant qui les aura obtenus\u00bb, a-t-il ajout\u00e9, affirmant \u00e0 nouveau que les partenaires de l\u2019Ukraine \u00absont pr\u00eats\u00bb \u00e0 aider le pays pour \u00abmettre fin \u00e0 la guerre par une paix digne, fond\u00e9e sur une architecture de s\u00e9curit\u00e9 claire et fiable\u00bb.<\/p>\n<p>                                    <a class=\"fig-a11y-skip a11y-hidden\" href=\"#fig-a11y-skip-main-inarticle\"><br \/>\n        Passer la publicit\u00e9<br \/>\n    <\/a><\/p>\n<p>Trump et Poutine ont rendez-vous en Alaska<\/p>\n<p class=\"fig-paragraph\">Cette r\u00e9union \u00e9tait \u00abune occasion cruciale pour discuter des progr\u00e8s \u00e0 accomplir pour parvenir \u00e0 une paix juste et durable\u00bb en Ukraine, avaient indiqu\u00e9 les services du premier ministre britannique Keir Starmer au d\u00e9but de la journ\u00e9e. Un rendez-vous important, organis\u00e9 une semaine avant la\u00a0<a href=\"http:\/\/www.lefigaro.fr\/international\/guerre-en-ukraine-ce-que-l-on-sait-de-la-possible-rencontre-entre-donald-trump-et-vladimir-poutine-20250808\" data-fig-type=\"NewsFlash\" data-gtm-custom-categorie=\"navigation\" data-gtm-custom-action=\"crossclick\" data-gtm-custom-label=\"Contextuel\" data-gtm-event=\"customEventSPE\" data-fig-domain=\"LEFIGARO\" target=\"_blank\" rel=\"noopener\">rencontre entre Donald Trump et Vladimir Poutine<\/a>\u00a0pr\u00e9vue le 15 ao\u00fbt prochain en Alaska.<\/p>\n","protected":false},"excerpt":{"rendered":"Le ministre des Affaires \u00e9trang\u00e8res britannique et le vice-pr\u00e9sident am\u00e9ricain ont organis\u00e9 ce samedi une r\u00e9union des conseillers&hellip;\n","protected":false},"author":2,"featured_media":308102,"comment_status":"","ping_status":"","sticky":false,"template":"","format":"standard","meta":{"footnotes":""},"categories":[1590],"tags":[11,1777,674,131,12,220,134],"class_list":{"0":"post-308101","1":"post","2":"type-post","3":"status-publish","4":"format-standard","5":"has-post-thumbnail","7":"category-ukraine","8":"tag-actualites","9":"tag-eu","10":"tag-europe","11":"tag-guerre-en-ukraine","12":"tag-news","13":"tag-ukraine","14":"tag-volodymyr-zelensky"},"share_on_mastodon":{"url":"https:\/\/pubeurope.com\/@fr\/115000840321335655","error":""},"_links":{"self":[{"href":"https:\/\/www.europesays.com\/fr\/wp-json\/wp\/v2\/posts\/308101","targetHints":{"allow":["GET"]}}],"collection":[{"href":"https:\/\/www.europesays.com\/fr\/wp-json\/wp\/v2\/posts"}],"about":[{"href":"https:\/\/www.europesays.com\/fr\/wp-json\/wp\/v2\/types\/post"}],"author":[{"embeddable":true,"href":"https:\/\/www.europesays.com\/fr\/wp-json\/wp\/v2\/users\/2"}],"replies":[{"embeddable":true,"href":"https:\/\/www.europesays.com\/fr\/wp-json\/wp\/v2\/comments?post=308101"}],"version-history":[{"count":0,"href":"https:\/\/www.europesays.com\/fr\/wp-json\/wp\/v2\/posts\/308101\/revisions"}],"wp:featuredmedia":[{"embeddable":true,"href":"https:\/\/www.europesays.com\/fr\/wp-json\/wp\/v2\/media\/308102"}],"wp:attachment":[{"href":"https:\/\/www.europesays.com\/fr\/wp-json\/wp\/v2\/media?parent=308101"}],"wp:term":[{"taxonomy":"category","embeddable":true,"href":"https:\/\/www.europesays.com\/fr\/wp-json\/wp\/v2\/categories?post=308101"},{"taxonomy":"post_tag","embeddable":true,"href":"https:\/\/www.europesays.com\/fr\/wp-json\/wp\/v2\/tags?post=308101"}],"curies":[{"name":"wp","href":"https:\/\/api.w.org\/{rel}","templated":true}]}}