{"id":308105,"date":"2025-08-09T21:06:15","date_gmt":"2025-08-09T21:06:15","guid":{"rendered":"https:\/\/www.europesays.com\/fr\/308105\/"},"modified":"2025-08-09T21:06:15","modified_gmt":"2025-08-09T21:06:15","slug":"reunion-au-royaume-uni-en-amont-de-la-rencontre-trump-poutine-09-08-2025-a-1545","status":"publish","type":"post","link":"https:\/\/www.europesays.com\/fr\/308105\/","title":{"rendered":"R\u00e9union au Royaume-Uni en amont de la rencontre Trump-Poutine &#8211; 09\/08\/2025 \u00e0 15:45"},"content":{"rendered":"<p>        <img fetchpriority=\"high\" decoding=\"async\" src=\"https:\/\/www.europesays.com\/fr\/wp-content\/uploads\/2025\/08\/c875b263d14715125e9d43995e12bdb1-760x507.jpg\" alt=\"Le vice-pr\u00e9sident des \u00c9tats-Unis JD Vance visite Sevenoaks\" loading=\"eager\" width=\"760\" height=\"507\" style=\"max-width: 100%!important; height: auto;\"\/><\/p>\n<p class=\"c-image-news__legend\">Le vice-pr\u00e9sident des \u00c9tats-Unis JD Vance visite Sevenoaks<\/p>\n<p>\n Le ministre britannique des Affaires \u00e9trang\u00e8res, David Lammy, et le vice-pr\u00e9sident am\u00e9ricain, JD Vance, rencontreront ce samedi en Grande-Bretagne des repr\u00e9sentants de l&rsquo;Ukraine et de l&rsquo;Union europ\u00e9enne (UE) pour discuter des initiatives du pr\u00e9sident am\u00e9ricain, Donald Trump, en faveur de la paix en Ukraine, a d\u00e9clar\u00e9 un porte-parole de 10 Downing Street.\n<\/p>\n<p>\n Le Premier ministre britannique, Keir Starmer, s&rsquo;est entretenu avec le pr\u00e9sident ukrainien, Volodimir Zelensky, avant cette r\u00e9union, a-t-il pr\u00e9cis\u00e9.\n<\/p>\n<p>\n Keir Starmer et Volodimir Zelensky ont notamment discut\u00e9 des propositions de Donald Trump pour mettre fin \u00e0 la guerre en Ukraine en amont de l&rsquo;entretien pr\u00e9vu entre le chef de la Maison blanche et le pr\u00e9sident russe, Vladimir Poutine, le 15 ao\u00fbt en Alaska.\n<\/p>\n<p>\n \u00ab\u00a0Le Premier ministre s&rsquo;est entretenu avec le pr\u00e9sident ukrainien Zelensky ce matin. Ils ont \u00e9voqu\u00e9 la r\u00e9union des conseillers \u00e0 la s\u00e9curit\u00e9 nationale de l&rsquo;Europe, de l&rsquo;Ukraine et des Etats-Unis qui se tiendra aujourd&rsquo;hui \u00e0 l&rsquo;invitation du ministre britannique des Affaires \u00e9trang\u00e8res et du vice-pr\u00e9sident am\u00e9ricain\u00a0\u00bb, a d\u00e9clar\u00e9 le porte-parole britannique.\n<\/p>\n<p>\n \u00ab\u00a0Ils sont convenus qu&rsquo;il s&rsquo;agirait d&rsquo;un forum essentiel pour discuter des progr\u00e8s accomplis en vue de garantir une paix juste et durable\u00a0\u00bb, a-t-il ajout\u00e9.\n<\/p>\n<p>\n (Reportage Suban Abdulla; version fran\u00e7aise Claude Chendjou)<\/p>\n","protected":false},"excerpt":{"rendered":"Le vice-pr\u00e9sident des \u00c9tats-Unis JD Vance visite Sevenoaks Le ministre britannique des Affaires \u00e9trang\u00e8res, David Lammy, et le&hellip;\n","protected":false},"author":2,"featured_media":308106,"comment_status":"","ping_status":"","sticky":false,"template":"","format":"standard","meta":{"footnotes":""},"categories":[1588],"tags":[400,11,398,408,405,1777,674,403,402,399,404,12,473,1853,401,406,1851,1850,1852,407],"class_list":{"0":"post-308105","1":"post","2":"type-post","3":"status-publish","4":"format-standard","5":"has-post-thumbnail","7":"category-royaume-uni","8":"tag-action-cac-40","9":"tag-actualites","10":"tag-bourse-de-paris","11":"tag-boursorama","12":"tag-cotations","13":"tag-eu","14":"tag-europe","15":"tag-indices-devises","16":"tag-investir","17":"tag-investissement","18":"tag-marche-boursier","19":"tag-news","20":"tag-royaume-uni","21":"tag-royaume-uni-de-grande-bretagne-et-dirlande-du-nord","22":"tag-sicav","23":"tag-trackers","24":"tag-uk","25":"tag-united-kingdom","26":"tag-united-kingdom-of-great-britain-and-northern-ireland","27":"tag-warrants"},"share_on_mastodon":{"url":"https:\/\/pubeurope.com\/@fr\/115000848165466254","error":""},"_links":{"self":[{"href":"https:\/\/www.europesays.com\/fr\/wp-json\/wp\/v2\/posts\/308105","targetHints":{"allow":["GET"]}}],"collection":[{"href":"https:\/\/www.europesays.com\/fr\/wp-json\/wp\/v2\/posts"}],"about":[{"href":"https:\/\/www.europesays.com\/fr\/wp-json\/wp\/v2\/types\/post"}],"author":[{"embeddable":true,"href":"https:\/\/www.europesays.com\/fr\/wp-json\/wp\/v2\/users\/2"}],"replies":[{"embeddable":true,"href":"https:\/\/www.europesays.com\/fr\/wp-json\/wp\/v2\/comments?post=308105"}],"version-history":[{"count":0,"href":"https:\/\/www.europesays.com\/fr\/wp-json\/wp\/v2\/posts\/308105\/revisions"}],"wp:featuredmedia":[{"embeddable":true,"href":"https:\/\/www.europesays.com\/fr\/wp-json\/wp\/v2\/media\/308106"}],"wp:attachment":[{"href":"https:\/\/www.europesays.com\/fr\/wp-json\/wp\/v2\/media?parent=308105"}],"wp:term":[{"taxonomy":"category","embeddable":true,"href":"https:\/\/www.europesays.com\/fr\/wp-json\/wp\/v2\/categories?post=308105"},{"taxonomy":"post_tag","embeddable":true,"href":"https:\/\/www.europesays.com\/fr\/wp-json\/wp\/v2\/tags?post=308105"}],"curies":[{"name":"wp","href":"https:\/\/api.w.org\/{rel}","templated":true}]}}