{"id":308110,"date":"2025-08-09T21:09:21","date_gmt":"2025-08-09T21:09:21","guid":{"rendered":"https:\/\/www.europesays.com\/fr\/308110\/"},"modified":"2025-08-09T21:09:21","modified_gmt":"2025-08-09T21:09:21","slug":"place-publique-soutient-pleinement-le-reglement-europeen-sur-la-liberte-des-medias-emfa","status":"publish","type":"post","link":"https:\/\/www.europesays.com\/fr\/308110\/","title":{"rendered":"Place publique soutient pleinement le r\u00e8glement europ\u00e9en sur la libert\u00e9 des m\u00e9dias (EMFA)"},"content":{"rendered":"<p>Ce 8 ao\u00fbt, une l\u00e9gislation europ\u00e9enne historique entre en vigueur :\u00a0Le <strong>r\u00e8glement europ\u00e9en sur la libert\u00e9 des m\u00e9dias<\/strong>, ou European Media Freedom Act (EMFA).<\/p>\n<p>C\u2019est une avanc\u00e9e majeure pour :<\/p>\n<ul>\n<li>Prot\u00e9ger le journalisme<\/li>\n<li>Garantir le pluralisme des m\u00e9dias<\/li>\n<li>Freiner l\u2019emprise des plateformes num\u00e9riques sur l\u2019information<\/li>\n<\/ul>\n<p>L\u2019Union europ\u00e9enne reconna\u00eet d\u00e9sormais aux citoyens le droit \u00e0 une <strong>information fiable<\/strong> (article 3) :\u00a0\u201cLa libert\u00e9 de rechercher, recevoir et acc\u00e9der \u00e0 des informations fiables.\u201d<\/p>\n<p>Ce r\u00e8glement impose \u00e9galement aux \u00c9tats membres :<\/p>\n<ul>\n<li>La libert\u00e9 et la s\u00e9curit\u00e9 des journalistes<\/li>\n<li>Un financement stable, transparent et \u00e9quitable du journalisme<\/li>\n<li>Une obligation pour les plateformes de valoriser les sources d\u2019information fiables<\/li>\n<li>La protection de l\u2019ind\u00e9pendance des m\u00e9dias de service public<\/li>\n<\/ul>\n<p><strong><strong>Mais ce texte ne doit pas rester une d\u00e9claration de principe.<\/strong><\/strong><\/p>\n<p>En Hongrie, en Italie et ailleurs, des gouvernements transforment les m\u00e9dias publics en outils de propagande.<br \/>\n<br \/>Sans volont\u00e9 politique forte, l\u2019EMFA ne sera qu\u2019un v\u0153u pieux.\n<\/p>\n<p><strong><strong>Place publique soutient avec force la mise en \u0153uvre de l\u2019EMFA.<\/strong><\/strong><\/p>\n<p>Appliquer ce r\u00e8glement europ\u00e9en, c\u2019est <strong>d\u00e9fendre nos d\u00e9mocraties<\/strong>. <br \/>C\u2019est garantir une information libre, ind\u00e9pendante, au service du public \u2014 pas du pouvoir. <\/p>\n<p>Pour Place publique, il faut m\u00eame aller encore plus loin.<\/p>\n<p>Nous portons des mesures concr\u00e8tes pour renforcer la libert\u00e9 des m\u00e9dias :<\/p>\n<ul>\n<li>La <strong>transparence totale<\/strong> de l\u2019actionnariat<\/li>\n<li>Une <strong>taxe sur les g\u00e9ants du num\u00e9rique<\/strong> pour financer l\u2019information d\u2019int\u00e9r\u00eat g\u00e9n\u00e9ral<\/li>\n<li>De<strong> nouvelles lois nationales et europ\u00e9ennes<\/strong>, pour une lutte active contre la d\u00e9sinformation, pour limiter la concentration des m\u00e9dias et garantir un v\u00e9ritable pluralisme !<\/li>\n<\/ul>\n<p>&gt;&gt; <a href=\"https:\/\/place-publique.eu\/notre-vision-pour-la-france\/\" target=\"_blank\" rel=\"noopener\">Retrouvez-les dans notre \u201cvision pour la France\u201d.<\/a><\/p>\n<p><strong><strong>Exigeons une application stricte de l\u2019EMFA dans chaque \u00c9tat membre<\/strong><\/strong><\/p>\n<p>Ne laissons pas les m\u00e9dias publics tomber entre les mains :<\/p>\n<ul>\n<li>Des plateformes num\u00e9riques<\/li>\n<li>Des milliardaires<\/li>\n<li>Ou des gouvernements<\/li>\n<\/ul>\n<p><strong>Une presse et des m\u00e9dias libres et ind\u00e9pendants, c\u2019est une d\u00e9mocratie en vie.<\/strong> <br \/>Place publique d\u00e9fend cette libert\u00e9, aujourd\u2019hui plus que jamais.<\/p>\n<p>\t\t\t\t\t\t\t\t8 ao\u00fbt 2025 | Place Publique <\/p>\n","protected":false},"excerpt":{"rendered":"Ce 8 ao\u00fbt, une l\u00e9gislation europ\u00e9enne historique entre en vigueur :\u00a0Le r\u00e8glement europ\u00e9en sur la libert\u00e9 des m\u00e9dias,&hellip;\n","protected":false},"author":2,"featured_media":308111,"comment_status":"","ping_status":"","sticky":false,"template":"","format":"standard","meta":{"footnotes":""},"categories":[1586],"tags":[11,1777,674,1779,1011,27,2383,11085,2534,500,12,4289,316,4048,25,1778,364],"class_list":{"0":"post-308110","1":"post","2":"type-post","3":"status-publish","4":"format-standard","5":"has-post-thumbnail","7":"category-europe","8":"tag-actualites","9":"tag-eu","10":"tag-europe","11":"tag-european-union","12":"tag-fr","13":"tag-france","14":"tag-gauche","15":"tag-legislation","16":"tag-libertu00e9-de-la-presse","17":"tag-medias","18":"tag-news","19":"tag-place-publique","20":"tag-politique","21":"tag-presse","22":"tag-republique-francaise","23":"tag-ue","24":"tag-union-europeenne"},"share_on_mastodon":{"url":"https:\/\/pubeurope.com\/@fr\/115000859919395523","error":""},"_links":{"self":[{"href":"https:\/\/www.europesays.com\/fr\/wp-json\/wp\/v2\/posts\/308110","targetHints":{"allow":["GET"]}}],"collection":[{"href":"https:\/\/www.europesays.com\/fr\/wp-json\/wp\/v2\/posts"}],"about":[{"href":"https:\/\/www.europesays.com\/fr\/wp-json\/wp\/v2\/types\/post"}],"author":[{"embeddable":true,"href":"https:\/\/www.europesays.com\/fr\/wp-json\/wp\/v2\/users\/2"}],"replies":[{"embeddable":true,"href":"https:\/\/www.europesays.com\/fr\/wp-json\/wp\/v2\/comments?post=308110"}],"version-history":[{"count":0,"href":"https:\/\/www.europesays.com\/fr\/wp-json\/wp\/v2\/posts\/308110\/revisions"}],"wp:featuredmedia":[{"embeddable":true,"href":"https:\/\/www.europesays.com\/fr\/wp-json\/wp\/v2\/media\/308111"}],"wp:attachment":[{"href":"https:\/\/www.europesays.com\/fr\/wp-json\/wp\/v2\/media?parent=308110"}],"wp:term":[{"taxonomy":"category","embeddable":true,"href":"https:\/\/www.europesays.com\/fr\/wp-json\/wp\/v2\/categories?post=308110"},{"taxonomy":"post_tag","embeddable":true,"href":"https:\/\/www.europesays.com\/fr\/wp-json\/wp\/v2\/tags?post=308110"}],"curies":[{"name":"wp","href":"https:\/\/api.w.org\/{rel}","templated":true}]}}