{"id":308117,"date":"2025-08-09T21:13:26","date_gmt":"2025-08-09T21:13:26","guid":{"rendered":"https:\/\/www.europesays.com\/fr\/308117\/"},"modified":"2025-08-09T21:13:26","modified_gmt":"2025-08-09T21:13:26","slug":"forrest-court-toujours-en-tete-avant-le-dernier-tour-du-mieux-pour-les-bleus","status":"publish","type":"post","link":"https:\/\/www.europesays.com\/fr\/308117\/","title":{"rendered":"Forrest court toujours en t\u00eate avant le dernier tour, du mieux pour les bleus"},"content":{"rendered":"<p>\t\t\t\t\t\t<img width=\"770\" height=\"556\" src=\"https:\/\/www.europesays.com\/fr\/wp-content\/uploads\/2025\/06\/clement-sordert-pga-tour-barbasol-770x556.jpg\" class=\"img-responsive wp-post-image\" alt=\"Clement Sordet Rob Carr\/Getty Images\/AFP\" decoding=\"async\" fetchpriority=\"high\"  \/>\t\t\t\t\t<\/p>\n<p>\t\t\t\t\t\t Partager cet article <\/p>\n<p class=\"screen-reader-text juiz_sps_maybe_hidden_text\">Partager la publication \u00ab\u00a0Forrest court toujours en t\u00eate avant le dernier tour, du mieux pour les bleus\u00a0\u00bb<\/p>\n<p><strong>Une journ\u00e9e de plus dans l\u2019enfer du Trump International Golf Links pour les 69 joueurs ayant franchi le cut du Nexo Championship \u00e0 Aberdeen, en Ecosse, et les choses commencent \u00e0 se pr\u00e9ciser. Grant Forrest tient toujours bon en t\u00eate, m\u00eame si la course \u00e0 la victoire reste tr\u00e8s ouverte.<\/strong><\/p>\n<p>Les Ecossais marqueraient-ils un point d\u2019honneur \u00e0 triompher dans les tournois tout fra\u00eechement cr\u00e9\u00e9s sur leur sol ? Allons plus loin. <strong>Grant Forrest<\/strong> serait-il pr\u00e9destiner \u00e0 triompher en terre sainte golfique \u00e0 chaque fois qu\u2019il inaugure un tournoi au bercail ? En tout cas la th\u00e8se prend de l\u2019ampleur apr\u00e8s trois tours\u2026<\/p>\n<p><a href=\"https:\/\/www.europeantour.com\/dpworld-tour\/nexo-championship-2025\/leaderboard?round=3&amp;accumulated=false\" target=\"_blank\" rel=\"noopener nofollow\">Retrouvez le classement complet<\/a><\/p>\n<p>Le joueur de 32 ans, titr\u00e9 une fois dans sa carri\u00e8re sur le <strong>DP World Tour<\/strong> pour l\u2019inauguration, \u00e0 l\u2019\u00e9poque, du <strong>Hero Open<\/strong> \u00e0 <strong>St Andrews<\/strong> (la localit\u00e9, pas le parcours) en Ecosse est sur le point de r\u00e9\u00e9diter cet exploit pour la premi\u00e8re \u00e9dition du <strong>Nexo Championship<\/strong>, \u00e0 Aberdeen.<\/p>\n<p>\t\t\t\t\t<a id=\"179399\" href=\"https:\/\/www.terre-blanche.com\/landing\/summer-deals?mtm_campaign=summer_deals_golf_planet_juil_2025&amp;mtm_medium=display&amp;mtm_source=golf_planet&amp;mtm_content=_CTA_&amp;mtm_group=trafic\" target=\"_blank\" rel=\"sponsorised nofollow noopener\"><img decoding=\"async\" src=\"data:image\/svg+xml,%3Csvg%20xmlns=\" http:=\"\" class=\"img-responsive\" alt=\"\" data-lazy-src=\"https:\/\/www.europesays.com\/fr\/wp-content\/uploads\/2025\/07\/terreblanche-e01-summer-deals-1170x275-1.gif\"\/><\/a><\/p>\n<blockquote class=\"twitter-tweet\">\n<p dir=\"ltr\" lang=\"en\">Bogey-Par-Bogey<a href=\"https:\/\/twitter.com\/TrumpScotland?ref_src=twsrc%5Etfw\" rel=\"nofollow noopener\" target=\"_blank\">@TrumpScotland<\/a> bites back and Grant Forrest moves back to -5.<a href=\"https:\/\/twitter.com\/hashtag\/NexoChampionship?src=hash&amp;ref_src=twsrc%5Etfw\" rel=\"nofollow noopener\" target=\"_blank\">#NexoChampionship<\/a> <a href=\"https:\/\/t.co\/UlzVDoKVCi\" rel=\"nofollow\">pic.twitter.com\/UlzVDoKVCi<\/a><\/p>\n<p>\u2014 DP World Tour (@DPWorldTour) <a href=\"https:\/\/twitter.com\/DPWorldTour\/status\/1954177111964500049?ref_src=twsrc%5Etfw\" rel=\"nofollow noopener\" target=\"_blank\">August 9, 2025<\/a><\/p>\n<\/blockquote>\n<p>\t\t\t\t\t<a id=\"180473\" href=\"https:\/\/eu.ping.com\/fr-fr\/clubs\/irons\/idi\" target=\"_blank\" rel=\"sponsorised nofollow noopener\"><img decoding=\"async\" src=\"data:image\/svg+xml,%3Csvg%20xmlns=\" http:=\"\" class=\"img-responsive\" alt=\"\" data-lazy-src=\"https:\/\/www.europesays.com\/fr\/wp-content\/uploads\/2025\/07\/ping-e07-fers-idi-1170x275-1.jpg\"\/><\/a><\/p>\n<p><a href=\"https:\/\/www.golfplanete.com\/actualites\/triple-bonus-pour-un-grant-forrest-etincelant-le-contingent-francais-decime\/\" target=\"_blank\" rel=\"noopener nofollow\">D\u00e9j\u00e0 en t\u00eate apr\u00e8s les deux premiers jours,<\/a> le joueur du <strong>Renaissance Club<\/strong> (h\u00f4te du <strong>Genesis Scottish Open<\/strong>) auteur du record de parcours vendredi, a su tenir bon pour tripler son avance. Ce samedi, il a rendu une carte sous le par (71, -1), la troisi\u00e8me de suite, seul joueur dans ce cas de figure. Le tout au prix d\u2019une belle bataille face au parcours, et d\u2019un finish de folie, birdie 17 et birdie 18.\u00a0<\/p>\n<p>En -8 total, il compte donc trois longueurs d\u2019avance sur un duo en -5, l\u2019Anglais <strong>Todd Clements<\/strong>, une fois vainqueur sur le tour, et le Norv\u00e9gien <strong>Kristoffer Reitan<\/strong>, l\u2019un des joueurs les plus en forme de l\u2019ann\u00e9e.\u00a0<\/p>\n<p>\t\t\t\t\t<a id=\"180479\" href=\"https:\/\/www.swing.fr\/voyage\/35-14eme-edition-des-doubles-gosset-by-beachcomber\" target=\"_blank\" rel=\"sponsorised nofollow noopener\"><img decoding=\"async\" src=\"data:image\/svg+xml,%3Csvg%20xmlns=\" http:=\"\" class=\"img-responsive\" alt=\"\" data-lazy-src=\"https:\/\/www.europesays.com\/fr\/wp-content\/uploads\/2025\/07\/beachcomber-e01-doubles-gosset-26-1170x275-1.jpg\"\/><\/a><br \/>\nCe monstre de parcours, enfin dompt\u00e9 par un Fran\u00e7ais<\/p>\n<p>Si un joueur amateur, disons l\u2019un d\u2019entre nous au hasard, se frottait au parcours cette semaine les chances qu\u2019il casse la barre des 100 est \u00e0 peu pr\u00e8s \u00e9gale \u00e0 celles de voir le pauvre <strong>Darius Van Driel<\/strong>, dernier du classement apr\u00e8s trois tours (+13) s\u2019imposer. Comment en \u00eatre s\u00fbr ? Il suffit d\u2019ajouter le pire score effectu\u00e9 sur chaque trou cette semaine par les meilleurs joueurs europ\u00e9ens de la plan\u00e8te pour s\u2019en apercevoir. Un irr\u00e9el 135 (+63) en cumul\u00e9\u2026<\/p>\n<p>\t\t\t\t\t<a id=\"180488\" href=\"https:\/\/golfplus.fr\/\" target=\"_blank\" rel=\"sponsorised nofollow noopener\"><img fetchpriority=\"high\" decoding=\"async\" src=\"https:\/\/www.europesays.com\/fr\/wp-content\/uploads\/2025\/07\/golfplus-e19-livraison-lieu-vacances-1170x275-1.jpg\" class=\"img-responsive\" alt=\"\"\/><\/a><\/p>\n<blockquote class=\"twitter-tweet\">\n<p dir=\"ltr\" lang=\"en\">How hard is Trump International playing this week? This hard \ud83e\udee3<\/p>\n<p>The highest scores recorded on each hole from the second round.<a href=\"https:\/\/twitter.com\/hashtag\/NexoChampionship?src=hash&amp;ref_src=twsrc%5Etfw\" rel=\"nofollow noopener\" target=\"_blank\">#NexoChampionship<\/a><\/p>\n<p>\u2014 DP World Tour (@DPWorldTour) <a href=\"https:\/\/twitter.com\/DPWorldTour\/status\/1954126341537669194?ref_src=twsrc%5Etfw\" rel=\"nofollow noopener\" target=\"_blank\">August 9, 2025<\/a><\/p>\n<\/blockquote>\n<p>\t\t\t\t\t<a id=\"181417\" href=\"https:\/\/cabotbordeaux.com\/fr\/booking\/training-golf\" target=\"_blank\" rel=\"sponsorised nofollow noopener\"><img decoding=\"async\" src=\"data:image\/svg+xml,%3Csvg%20xmlns=\" http:=\"\" class=\"img-responsive\" alt=\"\" data-lazy-src=\"https:\/\/www.europesays.com\/fr\/wp-content\/uploads\/2025\/08\/cabot-e04-stage-septembre-1170x275-1.gif\"\/><\/a><\/p>\n<p>Dans ce contexte, la performance de <strong>Cl\u00e9ment Sordet <\/strong>(photo) est \u00e0 lire sous les plus beaux auspices. Le Lyonnais, meilleur Fran\u00e7ais apr\u00e8s trois tours en +4, a r\u00e9ussi \u00e0 revenir aux portes du top 30 (31e) en remontant 29 places avec un carte dans le par (72). Meilleur score de la semaine pour un joueur tricolore. Suivent <strong>Julien Brun<\/strong> en 41e position (+5) et <strong>Ugo Coussaud<\/strong> 57e (+8).<\/p>\n<p>\t\t\t\t\t<a id=\"177181\" href=\"http:\/\/charleskent-golf.com\/andalucia-majors\/\" target=\"_blank\" rel=\"sponsorised nofollow noopener\"><img decoding=\"async\" src=\"data:image\/svg+xml,%3Csvg%20xmlns=\" http:=\"\" class=\"img-responsive\" alt=\"\" data-lazy-src=\"https:\/\/www.europesays.com\/fr\/wp-content\/uploads\/2025\/06\/charleskent-e03-andalucia-majors-1170x275-1.gif\"\/><\/a><br \/>\nLe leaderboard<\/p>\n<p><img loading=\"lazy\" decoding=\"async\" class=\"alignnone size-full wp-image-181862\" src=\"data:image\/svg+xml,%3Csvg%20xmlns=\" http:=\"\" alt=\"\" width=\"1246\" height=\"739\" data-lazy- data-lazy- data-lazy-src=\"https:\/\/www.europesays.com\/fr\/wp-content\/uploads\/2025\/08\/class1-1.png\"\/><\/p>\n<p>\u00a0<br \/>\nLe leaderboard des Fran\u00e7ais<\/p>\n<p><img loading=\"lazy\" decoding=\"async\" class=\"alignnone size-full wp-image-181863\" src=\"data:image\/svg+xml,%3Csvg%20xmlns=\" http:=\"\" alt=\"\" width=\"1255\" height=\"738\" data-lazy- data-lazy- data-lazy-src=\"https:\/\/www.europesays.com\/fr\/wp-content\/uploads\/2025\/08\/class-fr-1.png\"\/><\/p>\n<p>\u00a0<\/p>\n<p>\u00a0<\/p>\n<p>Photo : Clement Sordet Rob Carr\/Getty Images\/AFP<\/p>\n<p>\t\t\t<script async src=\"https:\/\/platform.twitter.com\/widgets.js\" charset=\"utf-8\"><\/script><\/p>\n","protected":false},"excerpt":{"rendered":"Partager cet article Partager la publication \u00ab\u00a0Forrest court toujours en t\u00eate avant le dernier tour, du mieux pour&hellip;\n","protected":false},"author":2,"featured_media":215077,"comment_status":"","ping_status":"","sticky":false,"template":"","format":"standard","meta":{"footnotes":""},"categories":[1418],"tags":[1011,27,1472,60],"class_list":{"0":"post-308117","1":"post","2":"type-post","3":"status-publish","4":"format-standard","5":"has-post-thumbnail","7":"category-golf","8":"tag-fr","9":"tag-france","10":"tag-golf","11":"tag-sports"},"share_on_mastodon":{"url":"https:\/\/pubeurope.com\/@fr\/115000875873468328","error":""},"_links":{"self":[{"href":"https:\/\/www.europesays.com\/fr\/wp-json\/wp\/v2\/posts\/308117","targetHints":{"allow":["GET"]}}],"collection":[{"href":"https:\/\/www.europesays.com\/fr\/wp-json\/wp\/v2\/posts"}],"about":[{"href":"https:\/\/www.europesays.com\/fr\/wp-json\/wp\/v2\/types\/post"}],"author":[{"embeddable":true,"href":"https:\/\/www.europesays.com\/fr\/wp-json\/wp\/v2\/users\/2"}],"replies":[{"embeddable":true,"href":"https:\/\/www.europesays.com\/fr\/wp-json\/wp\/v2\/comments?post=308117"}],"version-history":[{"count":0,"href":"https:\/\/www.europesays.com\/fr\/wp-json\/wp\/v2\/posts\/308117\/revisions"}],"wp:featuredmedia":[{"embeddable":true,"href":"https:\/\/www.europesays.com\/fr\/wp-json\/wp\/v2\/media\/215077"}],"wp:attachment":[{"href":"https:\/\/www.europesays.com\/fr\/wp-json\/wp\/v2\/media?parent=308117"}],"wp:term":[{"taxonomy":"category","embeddable":true,"href":"https:\/\/www.europesays.com\/fr\/wp-json\/wp\/v2\/categories?post=308117"},{"taxonomy":"post_tag","embeddable":true,"href":"https:\/\/www.europesays.com\/fr\/wp-json\/wp\/v2\/tags?post=308117"}],"curies":[{"name":"wp","href":"https:\/\/api.w.org\/{rel}","templated":true}]}}