{"id":308118,"date":"2025-08-09T21:15:11","date_gmt":"2025-08-09T21:15:11","guid":{"rendered":"https:\/\/www.europesays.com\/fr\/308118\/"},"modified":"2025-08-09T21:15:11","modified_gmt":"2025-08-09T21:15:11","slug":"christophe-urios-fait-son-mea-culpa-sur-la-saison-derniere-je-pense-que-je-nai-pas-tres-bien-gere","status":"publish","type":"post","link":"https:\/\/www.europesays.com\/fr\/308118\/","title":{"rendered":"Christophe Urios fait son m\u00e9a culpa sur la saison derni\u00e8re : \u00ab\u00a0Je pense que je n\u2019ai pas tr\u00e8s bien g\u00e9r\u00e9\u00a0\u00bb"},"content":{"rendered":"<p>Apr\u00e8s trois semaines de travail intense, ponctu\u00e9es des traditionnels Vulcains, l\u2019ASM Clermont s\u2019offre une semaine de repos.<\/p>\n<p>L\u2019occasion pour le staff de faire un premier bilan, avec d\u00e9j\u00e0 de bons signaux \u00e0 confirmer lors du stage au Chambon-sur-Lignon.<\/p>\n<p><strong>La fin de saison derni\u00e8re reste un souvenir amer, avec un effondrement \u00e0 Bayonne apr\u00e8s un exploit \u00e0 Montpellier comme il l\u2019explique \u00e0 <a href=\"https:\/\/www.rugbyrama.fr\/2025\/08\/09\/top-14-christophe-urios-je-nai-jamais-senti-une-aussi-bonne-energie-a-clermont-12868483.php\" rel=\"nofollow noopener\" target=\"_blank\">Midi Olympique<\/a>. Extrait\u00a0: <\/strong><\/p>\n<p>\u00ab Non, je n\u2019ai pas parl\u00e9 de ce match de Bayonne \u00e9videmment, mais la symbolique est l\u00e0, \u00e9videmment. \u00c0 Montpellier, pour ce dernier match \u00e0 haute pression, tu es capable d\u2019aller chercher une grosse performance. Et au moment o\u00f9 il n\u2019y a plus qu\u2019\u00e0 la confirmer, on n\u2019a pas su le faire, pour plein de raisons. Donc, par rapport au constat et au postulat qu\u2019on a \u00e9tablis, je trouve qu\u2019on a amen\u00e9 des solutions et les joueurs y r\u00e9pondent extr\u00eamement bien pour l\u2019instant. \u00bb<\/p>\n<p><strong>Et sur la gestion de cette semaine d\u00e9cisive, il reconna\u00eet. Extrait : <\/strong><\/p>\n<p>\u00ab Je ne saurais pas le dire, parce qu\u2019\u00e9videmment, \u00e7a fait partie de ces choses\u2026 Je pense aussi que je n\u2019ai pas tr\u00e8s bien g\u00e9r\u00e9 la semaine. On a jou\u00e9 \u00e0 Montpellier le samedi, on est rentr\u00e9s tr\u00e8s tard, on devait rejouer le vendredi \u00e0 Bayonne\u2026 Je pense que la semaine \u00e9tait un peu trop charg\u00e9e. Au-del\u00e0 de notre non-match, il \u00e9tait \u00e9vident qu\u2019on n\u2019\u00e9tait pas frais et en ce sens, je pense que c\u2019est notre semaine qui n\u2019a pas \u00e9t\u00e9 bonne. \u00bb<\/p>\n<p><strong>Toutes les nouvelles t\u00eates ont rejoint le groupe et se sont rapidement fondues dans le collectif se f\u00e9licite Christophe Urios. Extrait : <\/strong><\/p>\n<p>\u00ab Oui, tout le monde est arriv\u00e9, et leur comportement me satisfait. C\u2019est \u00e0 l\u2019image de notre groupe sur ces trois premi\u00e8res semaines : les anciens ont montr\u00e9 la voie dans l\u2019entra\u00eenement, parce que franchement, c\u2019\u00e9tait tr\u00e8s dur. On a l\u2019impression que certains sont l\u00e0 depuis six mois, quoi.\u00bb<\/p>\n<p>Apr\u00e8s cette coupure bienvenue, Clermont repartira le 17 ao\u00fbt pour un stage au Chambon-sur-Lignon, avec les internationaux r\u00e9int\u00e9gr\u00e9s et la volont\u00e9 de transformer ces bonnes impressions en performances concr\u00e8tes.<\/p>\n","protected":false},"excerpt":{"rendered":"Apr\u00e8s trois semaines de travail intense, ponctu\u00e9es des traditionnels Vulcains, l\u2019ASM Clermont s\u2019offre une semaine de repos. L\u2019occasion&hellip;\n","protected":false},"author":2,"featured_media":308119,"comment_status":"","ping_status":"","sticky":false,"template":"","format":"standard","meta":{"footnotes":""},"categories":[1416],"tags":[1011,27,479,1468,60],"class_list":{"0":"post-308118","1":"post","2":"type-post","3":"status-publish","4":"format-standard","5":"has-post-thumbnail","7":"category-rugby","8":"tag-fr","9":"tag-france","10":"tag-rugby","11":"tag-rugby-football","12":"tag-sports"},"share_on_mastodon":{"url":"https:\/\/pubeurope.com\/@fr\/115000883608050354","error":""},"_links":{"self":[{"href":"https:\/\/www.europesays.com\/fr\/wp-json\/wp\/v2\/posts\/308118","targetHints":{"allow":["GET"]}}],"collection":[{"href":"https:\/\/www.europesays.com\/fr\/wp-json\/wp\/v2\/posts"}],"about":[{"href":"https:\/\/www.europesays.com\/fr\/wp-json\/wp\/v2\/types\/post"}],"author":[{"embeddable":true,"href":"https:\/\/www.europesays.com\/fr\/wp-json\/wp\/v2\/users\/2"}],"replies":[{"embeddable":true,"href":"https:\/\/www.europesays.com\/fr\/wp-json\/wp\/v2\/comments?post=308118"}],"version-history":[{"count":0,"href":"https:\/\/www.europesays.com\/fr\/wp-json\/wp\/v2\/posts\/308118\/revisions"}],"wp:featuredmedia":[{"embeddable":true,"href":"https:\/\/www.europesays.com\/fr\/wp-json\/wp\/v2\/media\/308119"}],"wp:attachment":[{"href":"https:\/\/www.europesays.com\/fr\/wp-json\/wp\/v2\/media?parent=308118"}],"wp:term":[{"taxonomy":"category","embeddable":true,"href":"https:\/\/www.europesays.com\/fr\/wp-json\/wp\/v2\/categories?post=308118"},{"taxonomy":"post_tag","embeddable":true,"href":"https:\/\/www.europesays.com\/fr\/wp-json\/wp\/v2\/tags?post=308118"}],"curies":[{"name":"wp","href":"https:\/\/api.w.org\/{rel}","templated":true}]}}