{"id":308122,"date":"2025-08-09T21:18:31","date_gmt":"2025-08-09T21:18:31","guid":{"rendered":"https:\/\/www.europesays.com\/fr\/308122\/"},"modified":"2025-08-09T21:18:31","modified_gmt":"2025-08-09T21:18:31","slug":"marc-marquez-remporte-le-gp-dargentine","status":"publish","type":"post","link":"https:\/\/www.europesays.com\/fr\/308122\/","title":{"rendered":"Marc Marquez remporte le GP d&rsquo;Argentine"},"content":{"rendered":"<p>L\u2019Espagnol Marc Marquez (Ducati) a remport\u00e9 le Grand Prix d\u2019Argentine de MotoGP, deuxi\u00e8me manche sur 22 de la saison, dimanche sur le circuit de Termas de Rio Hondo.<\/p>\n<p>Au lendemain de son succ\u00e8s lors de la course sprint, le sextuple champion du monde a r\u00e9cidiv\u00e9 et r\u00e9alis\u00e9 un nouveau doubl\u00e9, deux semaines apr\u00e8s ses deux victoires lors de l\u2019\u00e9tape inaugurale de la saison en Tha\u00eflande.<\/p>\n<p>Avec ce 90e succ\u00e8s en Grand Prix toutes cat\u00e9gories confondues, le 64e dans la cat\u00e9gorie reine, Marc Marquez a \u00e9gal\u00e9 la marque de son illustre compatriote Angel Nieto, 13 fois champion du monde en 50 cm3 et 125 cm3 entre 1969 et 1984. L\u2019Espagnol reste toutefois encore loin des l\u00e9gendes italiennes Valentino Rossi et Giacomo Agostini, qui totalisent respectivement 115 et 122 succ\u00e8s.<\/p>\n<p>Comme lors de ses trois pr\u00e9c\u00e9dentes victoires cette saison, Marc Marquez a devanc\u00e9 son petit fr\u00e8re Alex (Ducati-Gresini), alors que l\u2019Italien Franco Morbidelli (Ducati-VR46) s\u2019est invit\u00e9 sur la troisi\u00e8me marche du podium. Le vice-champion du monde 2020, en perdition depuis quatre saisons, a d\u00e9croch\u00e9 son premier podium depuis le printemps 2021.<\/p>\n<p>Le double champion du monde italien Francesco Bagnaia (Ducati) a d\u00fb se contenter de la quatri\u00e8me place, devant son compatriote Fabio Di Giannantonio (Ducati-VR46), qui a d\u00e9pass\u00e9 Johann Zarco (Honda-LCR) dans le dernier tour.<\/p>\n<p>Le Fran\u00e7ais, quatri\u00e8me du sprint samedi, obtient tout de m\u00eame son meilleur r\u00e9sultat en Grand Prix avec la marque japonaise, deux semaines apr\u00e8s sa prometteuse septi\u00e8me place en Tha\u00eflande.<\/p>\n<p>L\u2019autre Fran\u00e7ais de la grille, Fabio Quartararo (Yamahjlda) a vu ses espoirs d\u2019obtenir un bon r\u00e9sultat s\u2019envoler d\u00e8s le premier virage apr\u00e8s avoir \u00e9t\u00e9 percut\u00e9 par Marco Bezzecchi (Aprilia). Si par miracle il n\u2019est pas tomb\u00e9, contrairement \u00e0 l\u2019Italien, le Ni\u00e7ois, qui s\u2019\u00e9tait \u00e9lanc\u00e9 en septi\u00e8me position, a recul\u00e9 au 19e et dernier rang apr\u00e8s cet accrochage.<\/p>\n<p>Le champion du monde 2021 a ensuite cravach\u00e9 pour grappiller quelques places et a finalement termin\u00e9 15e, arrachant ainsi un petit point au championnat.<\/p>\n","protected":false},"excerpt":{"rendered":"L\u2019Espagnol Marc Marquez (Ducati) a remport\u00e9 le Grand Prix d\u2019Argentine de MotoGP, deuxi\u00e8me manche sur 22 de la&hellip;\n","protected":false},"author":2,"featured_media":308123,"comment_status":"","ping_status":"","sticky":false,"template":"","format":"standard","meta":{"footnotes":""},"categories":[1413],"tags":[1011,27,1457,1456,60],"class_list":{"0":"post-308122","1":"post","2":"type-post","3":"status-publish","4":"format-standard","5":"has-post-thumbnail","7":"category-moto","8":"tag-fr","9":"tag-france","10":"tag-moto","11":"tag-motocycle","12":"tag-sports"},"share_on_mastodon":{"url":"https:\/\/pubeurope.com\/@fr\/115000895409935331","error":""},"_links":{"self":[{"href":"https:\/\/www.europesays.com\/fr\/wp-json\/wp\/v2\/posts\/308122","targetHints":{"allow":["GET"]}}],"collection":[{"href":"https:\/\/www.europesays.com\/fr\/wp-json\/wp\/v2\/posts"}],"about":[{"href":"https:\/\/www.europesays.com\/fr\/wp-json\/wp\/v2\/types\/post"}],"author":[{"embeddable":true,"href":"https:\/\/www.europesays.com\/fr\/wp-json\/wp\/v2\/users\/2"}],"replies":[{"embeddable":true,"href":"https:\/\/www.europesays.com\/fr\/wp-json\/wp\/v2\/comments?post=308122"}],"version-history":[{"count":0,"href":"https:\/\/www.europesays.com\/fr\/wp-json\/wp\/v2\/posts\/308122\/revisions"}],"wp:featuredmedia":[{"embeddable":true,"href":"https:\/\/www.europesays.com\/fr\/wp-json\/wp\/v2\/media\/308123"}],"wp:attachment":[{"href":"https:\/\/www.europesays.com\/fr\/wp-json\/wp\/v2\/media?parent=308122"}],"wp:term":[{"taxonomy":"category","embeddable":true,"href":"https:\/\/www.europesays.com\/fr\/wp-json\/wp\/v2\/categories?post=308122"},{"taxonomy":"post_tag","embeddable":true,"href":"https:\/\/www.europesays.com\/fr\/wp-json\/wp\/v2\/tags?post=308122"}],"curies":[{"name":"wp","href":"https:\/\/api.w.org\/{rel}","templated":true}]}}