{"id":308126,"date":"2025-08-09T21:20:12","date_gmt":"2025-08-09T21:20:12","guid":{"rendered":"https:\/\/www.europesays.com\/fr\/308126\/"},"modified":"2025-08-09T21:20:12","modified_gmt":"2025-08-09T21:20:12","slug":"il-y-a-20-ans-quand-sans-detour-sur-sa-relation-avec-pauline-ferrand-prevot","status":"publish","type":"post","link":"https:\/\/www.europesays.com\/fr\/308126\/","title":{"rendered":"\u00ab\u00a0il y a 20 ans, quand&#8230;\u00a0\u00bb sans d\u00e9tour sur sa relation avec Pauline Ferrand-Pr\u00e9vot"},"content":{"rendered":"<p>Il suffit de prononcer son nom pour que le cyclisme fran\u00e7ais y<br \/>\nassocie d\u00e9sormais une image forte : celle d\u2019une femme de caract\u00e8re,<br \/>\npassionn\u00e9e et engag\u00e9e. Marion Rousse, ancienne championne de France<br \/>\nsur route en 2012, qui s\u00a0\u00bbest confi\u00e9e au sujet de <a href=\"https:\/\/www.melty.fr\/people\/a-33-ans-marion-rousse-se-confie-sur-son-rapport-a-lalcool-jai-enormement-change-2245696.html\" target=\"_blank\" rel=\"noopener\"><br \/>\nson rapport \u00e0 l&rsquo;alcoolisme<\/a>, est aujourd\u2019hui l\u2019une des figures<br \/>\nincontournables de la discipline. Pass\u00e9e de la selle aux micros de<br \/>\nt\u00e9l\u00e9vision, puis \u00e0 la direction du Tour de France Femmes, elle a su<br \/>\nimposer sa vision et sa voix dans un milieu longtemps domin\u00e9 par<br \/>\nles hommes.<\/p>\n<p>Marion Rousse : une femme engag\u00e9e dans le cyclisme<\/p>\n<p>Depuis 2021, elle est \u00e9galement connue du grand public comme la<br \/>\ncompagne <strong>du coureur Julian Alaphilippe<\/strong>, double<br \/>\nchampion du monde et l\u2019un des cyclistes les plus populaires de sa<br \/>\ng\u00e9n\u00e9ration. Leur couple attire souvent l\u2019attention, mais Marion<br \/>\nRousse veille \u00e0 ce que son travail ne soit jamais r\u00e9duit \u00e0 sa vie<br \/>\npriv\u00e9e. \u201cJulian sait \u00e0 quel point ce Tour est important pour<br \/>\nmoi. C\u2019est un projet qui me tient \u00e0 c\u0153ur, bien au-del\u00e0 de notre<br \/>\nrelation personnelle\u201d, confiait-elle r\u00e9cemment dans un<br \/>\nentretien.<\/p>\n<p>Sous sa direction, le Tour de France Femmes a pris une<br \/>\n<strong>nouvelle dimension<\/strong>. Chaque \u00e9dition est pens\u00e9e des<br \/>\nmois, voire des ann\u00e9es \u00e0 l\u2019avance, avec l\u2019objectif d\u2019offrir aux<br \/>\ncoureuses un parcours digne des plus grandes \u00e9preuves masculines et<br \/>\nune exposition m\u00e9diatique \u00e9quivalente. Marion Rousse a ainsi<br \/>\ncontribu\u00e9 \u00e0 hisser l\u2019\u00e9v\u00e9nement au rang des comp\u00e9titions majeures du<br \/>\ncalendrier cycliste international.<\/p>\n<p>Les confidences de Marion Rousse au sujet de sa relation<br \/>\nprivil\u00e9gi\u00e9e avec Pauline Ferrand-Pr\u00e9vot<\/p>\n<p>Et cette ann\u00e9e, \u00e0 l\u2019issue d\u2019une \u00e9dition intense et salu\u00e9e par<br \/>\nles sp\u00e9cialistes, elle a partag\u00e9 un moment particuli\u00e8rement<br \/>\n\u00e9mouvant, en lien avec une autre grande figure du cyclisme fran\u00e7ais<br \/>\n: <strong>Pauline Ferrand-Pr\u00e9vot.<\/strong> Les deux femmes se<br \/>\nconnaissent depuis vingt ans. Une histoire qui remonte \u00e0 leurs<br \/>\njeunes ann\u00e9es, quand elles \u00e9cumaient ensemble les courses<br \/>\nr\u00e9gionales, n\u2019h\u00e9sitant pas \u00e0 rivaliser avec les gar\u00e7ons pour<br \/>\ns\u2019imposer.<\/p>\n<p>Au micro de <a href=\"https:\/\/www.directvelo.com\/actualite\/122809\/marion-rousse-elle-est-hors-norme\" target=\"_blank\" rel=\"nofollow noopener\">DirectVelo<\/a>,<br \/>\nMarion Rousse a confi\u00e9 : \u00ab\u00a0Qu&rsquo;il est pratiquement trac\u00e9,<br \/>\n<strong>je ne vais pas vous mentir.<\/strong> On a toujours un an<br \/>\nd&rsquo;avance. Je suis m\u00eame sur le parcours de 2027, \u00e0 vrai dire. Je<br \/>\ncrois que ce qu&rsquo;on a vu aujourd&rsquo;hui et tout au long de la semaine<br \/>\nmontre \u00e0 quel point le cyclisme f\u00e9minin a toute sa place \u00e0 la<br \/>\nt\u00e9l\u00e9vision, \u00e0 toute sa place en appellation \u201cTour de France\u201d. Ce<br \/>\nque j&rsquo;ai vu, ce n&rsquo;est pas un Tour de France Femmes avec Zwift,<br \/>\nc&rsquo;est un Tour de France. C&rsquo;est la plus belle r\u00e9ussite qu&rsquo;on pouvait<br \/>\navoir\u00a0\u00bb.<\/p>\n<p>\u00ab\u00a0Pour moi, ce Tour est le plus<br \/>\nabouti\u00a0\u00bb<\/p>\n<p>Elle raconte ensuite une sc\u00e8ne pleine de souvenirs et se confie<br \/>\nsur <a href=\"https:\/\/www.melty.fr\/sportz\/marion-rousse-brutalement-honnete-sur-sa-relation-avec-pauline-ferrand-prevot-ni-elle-ni-moi-on-ne-2254744.html\" target=\"_blank\" rel=\"noopener\"><br \/>\nsa relation avec Pauline Ferrand-Pr\u00e9vot<\/a> : \u00ab\u00a0J&rsquo;\u00e9tais avec les<br \/>\nparents de Pauline au pied du podium. Ils me disaient : &lsquo;Tu te<br \/>\nsouviens, il y a 20 ans, quand vous \u00e9tiez toutes les deux \u00e0 faire<br \/>\nla guerre aux gar\u00e7ons sur les courses, il y a un beau chemin qui a<br \/>\n\u00e9t\u00e9 parcouru&rsquo;. Ils ont bien r\u00e9sum\u00e9 la situation.\u00a0\u00bb Ces mots,<br \/>\nsimples mais lourds de sens, r\u00e9sument \u00e0 la fois un parcours<br \/>\npersonnel et un chemin collectif.<\/p>\n<p>Celui de deux jeunes filles qui, il y a deux d\u00e9cennies,<br \/>\nbousculaient les codes pour se faire une place, et qui aujourd\u2019hui<br \/>\nincarnent, chacune \u00e0 leur mani\u00e8re, l\u2019excellence du cyclisme f\u00e9minin<br \/>\nfran\u00e7ais. Pour Marion Rousse, qui n&rsquo;h\u00e9site <a href=\"https:\/\/www.melty.fr\/people\/marion-rousse-je-ne-suis-pas-la-pour-faire-joli-son-coup-de-gueule-au-tour-de-france-2249055.html\" target=\"_blank\" rel=\"noopener\"><br \/>\npas \u00e0 pousser des coups de gueule<\/a>, cette \u00e9dition restera grav\u00e9e<br \/>\n: \u00ab\u00a0Pour moi, ce Tour est le plus abouti et le plus accompli que<br \/>\nj\u2019ai pu faire en tant que directrice. <strong>J&rsquo;ai vu un vrai Tour<br \/>\nde France\u00a0\u00bb.<\/strong><\/p>\n","protected":false},"excerpt":{"rendered":"Il suffit de prononcer son nom pour que le cyclisme fran\u00e7ais y associe d\u00e9sormais une image forte :&hellip;\n","protected":false},"author":2,"featured_media":308127,"comment_status":"","ping_status":"","sticky":false,"template":"","format":"standard","meta":{"footnotes":""},"categories":[1411],"tags":[905,1154,207,1011,27,42380,60],"class_list":{"0":"post-308126","1":"post","2":"type-post","3":"status-publish","4":"format-standard","5":"has-post-thumbnail","7":"category-cyclisme","8":"tag-a-la-une-melty","9":"tag-cycling","10":"tag-cyclisme","11":"tag-fr","12":"tag-france","13":"tag-marion-rousse","14":"tag-sports"},"share_on_mastodon":{"url":"https:\/\/pubeurope.com\/@fr\/115000903221859834","error":""},"_links":{"self":[{"href":"https:\/\/www.europesays.com\/fr\/wp-json\/wp\/v2\/posts\/308126","targetHints":{"allow":["GET"]}}],"collection":[{"href":"https:\/\/www.europesays.com\/fr\/wp-json\/wp\/v2\/posts"}],"about":[{"href":"https:\/\/www.europesays.com\/fr\/wp-json\/wp\/v2\/types\/post"}],"author":[{"embeddable":true,"href":"https:\/\/www.europesays.com\/fr\/wp-json\/wp\/v2\/users\/2"}],"replies":[{"embeddable":true,"href":"https:\/\/www.europesays.com\/fr\/wp-json\/wp\/v2\/comments?post=308126"}],"version-history":[{"count":0,"href":"https:\/\/www.europesays.com\/fr\/wp-json\/wp\/v2\/posts\/308126\/revisions"}],"wp:featuredmedia":[{"embeddable":true,"href":"https:\/\/www.europesays.com\/fr\/wp-json\/wp\/v2\/media\/308127"}],"wp:attachment":[{"href":"https:\/\/www.europesays.com\/fr\/wp-json\/wp\/v2\/media?parent=308126"}],"wp:term":[{"taxonomy":"category","embeddable":true,"href":"https:\/\/www.europesays.com\/fr\/wp-json\/wp\/v2\/categories?post=308126"},{"taxonomy":"post_tag","embeddable":true,"href":"https:\/\/www.europesays.com\/fr\/wp-json\/wp\/v2\/tags?post=308126"}],"curies":[{"name":"wp","href":"https:\/\/api.w.org\/{rel}","templated":true}]}}