{"id":308128,"date":"2025-08-09T21:21:16","date_gmt":"2025-08-09T21:21:16","guid":{"rendered":"https:\/\/www.europesays.com\/fr\/308128\/"},"modified":"2025-08-09T21:21:16","modified_gmt":"2025-08-09T21:21:16","slug":"mercato-le-psg-officialise-lucas-chevalier-officiel","status":"publish","type":"post","link":"https:\/\/www.europesays.com\/fr\/308128\/","title":{"rendered":"Mercato, le PSG officialise Lucas Chevalier (Officiel)"},"content":{"rendered":"<p data-testid=\"article-teaser\">C\u2019est fait ! Lucas Chevalier est un joueur du PSG. <\/p>\n<p>Apr\u00e8s plusieurs mois semaines de n\u00e9gociations, le Paris Saint-Germain a enfin r\u00e9ussi \u00e0 enr\u00f4ler Lucas Chevalier. Le gardien international fran\u00e7ais arrive dans la capitale fran\u00e7aise en provenance du LOSC. Il est le premier renfort du PSG cet \u00e9t\u00e9.<\/p>\n<p>Le PSG enr\u00f4le Lucas Chevalier<\/p>\n<p>L\u2019un des feuilletons du mercato estival vient de prendre fin. Agac\u00e9 par les exigences de Gianluigi Donnarumma qui bloquait sa prolongation, le PSG a d\u00e9cid\u00e9 d\u2019acc\u00e9l\u00e9rer sur le dossier Lucas Chevalier. Cible de longue date du club francilien, le gardien fran\u00e7ais n\u2019a pas mis du temps \u00e0 trouver un accord avec le Paris Saint-Germain. Les n\u00e9gociations ont \u00e9t\u00e9 \u00e9galement facilit\u00e9es par Lille qui a donn\u00e9 un bon de sortie \u00e0 son gardien titulaire.<\/p>\n<p><a href=\"https:\/\/www.goal.com\/fr\/listes\/mercato-lucas-chevalier-au-psg-c-est-boucle\/blt5ab86dd5e32fe68a\" target=\"_self\" rel=\"noopener\">Ainsi, le PSG a d\u00e9bours\u00e9 pas moins de 40 millions d&rsquo;euros pour s\u2019attacher les services de Lucas Chevalier qui a paraph\u00e9 un contrat de cinq ans avec les Champions d\u2019Europe.<\/a>\u00ab\u00a0Le Paris Saint-Germain est heureux d\u2019annoncer la signature de Lucas Chevalier. Le gardien de but fran\u00e7ais de 23 ans, qui portera le num\u00e9ro 30, a sign\u00e9 un contrat avec le Club jusqu\u2019en 2030\u00a0\u00bb, a annonc\u00e9 le PSG dans son communiqu\u00e9, ce samedi. Le montant de la transaction pourrait m\u00eame avoisiner les 55 M\u20ac en fonction des bonus inclus dans les clauses.<\/p>\n","protected":false},"excerpt":{"rendered":"C\u2019est fait ! Lucas Chevalier est un joueur du PSG. Apr\u00e8s plusieurs mois semaines de n\u00e9gociations, le Paris&hellip;\n","protected":false},"author":2,"featured_media":308129,"comment_status":"","ping_status":"","sticky":false,"template":"","format":"standard","meta":{"footnotes":""},"categories":[1410],"tags":[63,1011,27,28965,66,1434,91,39733,60,39732,18015,28401,39734],"class_list":{"0":"post-308128","1":"post","2":"type-post","3":"status-publish","4":"format-standard","5":"has-post-thumbnail","7":"category-football","8":"tag-football","9":"tag-fr","10":"tag-france","11":"tag-l-chevalier","12":"tag-ligue-1","13":"tag-mercato","14":"tag-paris-saint-germain","15":"tag-paris-saint-germain-vs-tottenham","16":"tag-sports","17":"tag-super-coupe-de-luefa","18":"tag-tottenham","19":"tag-transfers","20":"tag-uefa-super-cup"},"share_on_mastodon":{"url":"https:\/\/pubeurope.com\/@fr\/115000907138861056","error":""},"_links":{"self":[{"href":"https:\/\/www.europesays.com\/fr\/wp-json\/wp\/v2\/posts\/308128","targetHints":{"allow":["GET"]}}],"collection":[{"href":"https:\/\/www.europesays.com\/fr\/wp-json\/wp\/v2\/posts"}],"about":[{"href":"https:\/\/www.europesays.com\/fr\/wp-json\/wp\/v2\/types\/post"}],"author":[{"embeddable":true,"href":"https:\/\/www.europesays.com\/fr\/wp-json\/wp\/v2\/users\/2"}],"replies":[{"embeddable":true,"href":"https:\/\/www.europesays.com\/fr\/wp-json\/wp\/v2\/comments?post=308128"}],"version-history":[{"count":0,"href":"https:\/\/www.europesays.com\/fr\/wp-json\/wp\/v2\/posts\/308128\/revisions"}],"wp:featuredmedia":[{"embeddable":true,"href":"https:\/\/www.europesays.com\/fr\/wp-json\/wp\/v2\/media\/308129"}],"wp:attachment":[{"href":"https:\/\/www.europesays.com\/fr\/wp-json\/wp\/v2\/media?parent=308128"}],"wp:term":[{"taxonomy":"category","embeddable":true,"href":"https:\/\/www.europesays.com\/fr\/wp-json\/wp\/v2\/categories?post=308128"},{"taxonomy":"post_tag","embeddable":true,"href":"https:\/\/www.europesays.com\/fr\/wp-json\/wp\/v2\/tags?post=308128"}],"curies":[{"name":"wp","href":"https:\/\/api.w.org\/{rel}","templated":true}]}}