{"id":308130,"date":"2025-08-09T21:22:11","date_gmt":"2025-08-09T21:22:11","guid":{"rendered":"https:\/\/www.europesays.com\/fr\/308130\/"},"modified":"2025-08-09T21:22:11","modified_gmt":"2025-08-09T21:22:11","slug":"ce-quils-ont-vraiment-fait-pendant-leurs-vacances-dans-les-alpes","status":"publish","type":"post","link":"https:\/\/www.europesays.com\/fr\/308130\/","title":{"rendered":"ce qu\u2019ils ont vraiment fait pendant leurs vacances dans les Alpes"},"content":{"rendered":"<p class=\"mb-4 text-lg md:leading-8 break-words\">Apr\u00e8s le farniente des vacances au bord de la mer, <a class=\"link \" href=\"https:\/\/www.lepoint.fr\/people\/carla-bruni-et-nicolas-sarkozy-profitent-de-la-dolce-vita-en-scooter-19-07-2025-2594693_2116.php\" rel=\"nofollow noopener\" target=\"_blank\" data-ylk=\"slk:Carla Bruni et Nicolas Sarkozy;elm:context_link;itc:0;sec:content-canvas\">Carla Bruni et Nicolas Sarkozy<\/a> ont choisi d&rsquo;aller marcher dans les Alpes italiennes, et sans <a class=\"link \" href=\"https:\/\/www.lepoint.fr\/people\/giulia-sarkozy-graine-de-star-et-deja-sous-les-projecteurs-a-14-ans-23-06-2025-2592672_2116.php\" rel=\"nofollow noopener\" target=\"_blank\" data-ylk=\"slk:leur fille Giulia;elm:context_link;itc:0;sec:content-canvas\">leur fille Giulia<\/a>. Une randonn\u00e9e bucolique, agr\u00e9ment\u00e9e de rencontres avec une ch\u00e8vre en libert\u00e9, des vaches, d&rsquo;une chapelle ardente (fond\u00e9e en 1845) et surtout dans un paysage splendide et pr\u00e9serv\u00e9.<\/p>\n<p class=\"mb-4 text-lg md:leading-8 break-words\">L&rsquo;effort physique n&rsquo;a pas emp\u00each\u00e9 la chanteuse de \u00ab\u00a0Enjoy The Silence\u00a0\u00bb de d\u00e9gainer son t\u00e9l\u00e9phone pour capter, au fil de la balade, des instantan\u00e9s diffus\u00e9s ensuite sur sa story Instagram.\u00a0Un r\u00e9cit en images de la journ\u00e9e, entre vid\u00e9o panoramique des environs du petit village montagnard de Cun\u00e9az, o\u00f9 se sont arr\u00eat\u00e9s les deux tourtereaux, et vid\u00e9o du couple attabl\u00e9 au refuge de L&rsquo;Aroula. Le menu, pr\u00e9sent\u00e9 sur une planche de bois, fait la part belle \u00e0 la simplicit\u00e9 et aux sp\u00e9cialit\u00e9s locales (fromages\u00a0et confitures).<\/p>\n<p class=\"mb-4 text-lg md:leading-8 break-words\">Et avec une tarte golosa au chocolat annonc\u00e9e sur l&rsquo;ardoise-menu, on se doute que <a class=\"link \" href=\"https:\/\/www.lepoint.fr\/politique\/nicolas-sarkozy-l-etrange-crepuscule-d-une-idole-04-08-2025-2595687_20.php\" rel=\"nofollow noopener\" target=\"_blank\" data-ylk=\"slk:Nicolas Sarkozy;elm:context_link;itc:0;sec:content-canvas\">Nicolas Sarkozy<\/a>, grand consommateur de cacao, a d\u00fb appr\u00e9cier.\u00a0Les couverts sont simples, les verres ressemblent \u00e0 des Duralex un peu sophistiqu\u00e9s\u2026 Tout fleure bon la d\u00e9tente d&rsquo;amateurs de nature, loin du bling-bling, mais pas du confort.<\/p>\n<p class=\"mb-4 text-lg md:leading-8 break-words\"><a href=\"https:\/\/www.instagram.com\/p\/DM-XMxuIvvs\/?utm_source=ig_embed&amp;utm_campaign=loading\" rel=\"nofollow noopener\" target=\"_blank\" data-ylk=\"slk:Voir cette publication sur Instagram;elm:context_link;itc:0;sec:content-canvas\" class=\"link \">Voir cette publication sur Instagram<\/a><\/p>\n<p class=\"mb-4 text-lg md:leading-8 break-words\"><a href=\"https:\/\/www.instagram.com\/p\/DM-XMxuIvvs\/?utm_source=ig_embed&amp;utm_campaign=loading\" rel=\"nofollow noopener\" target=\"_blank\" data-ylk=\"slk:Une publication partag\u00e9e par Carla Bruni (@carlabruniofficial);elm:context_link;itc:0;sec:content-canvas\" class=\"link \">Une publication partag\u00e9e par Carla Bruni (@carlabruniofficial)<\/a><\/p>\n<p class=\"mb-4 text-lg md:leading-8 break-words\">\u00c0 en croire le tag de Carla Bruni dans la l\u00e9gende de son post Instagram, le couple a s\u00e9journ\u00e9 non loin, \u00e0 l&rsquo;H\u00f4tellerie de Mascognaz, un village de [&#8230;] <a href=\"https:\/\/www.lepoint.fr\/societe\/carla-bruni-et-nicolas-sarkozy-ce-qu-ils-ont-vraiment-fait-pendant-leurs-vacances-dans-les-alpes-09-08-2025-2596029_23.php\" rel=\"nofollow noopener\" target=\"_blank\" data-ylk=\"slk:Lire la suite;elm:context_link;itc:0;sec:content-canvas\" class=\"link \">Lire la suite<\/a><\/p>\n<p><script async src=\"\/\/www.instagram.com\/embed.js\"><\/script><\/p>\n","protected":false},"excerpt":{"rendered":"Apr\u00e8s le farniente des vacances au bord de la mer, Carla Bruni et Nicolas Sarkozy ont choisi d&rsquo;aller&hellip;\n","protected":false},"author":2,"featured_media":308131,"comment_status":"","ping_status":"","sticky":false,"template":"","format":"standard","meta":{"footnotes":""},"categories":[1359],"tags":[44828,12667,58,59,1011,27,3091,973,44829],"class_list":{"0":"post-308130","1":"post","2":"type-post","3":"status-publish","4":"format-standard","5":"has-post-thumbnail","7":"category-people","8":"tag-alpes-italiennes","9":"tag-carla-bruni","10":"tag-divertissement","11":"tag-entertainment","12":"tag-fr","13":"tag-france","14":"tag-nicolas-sarkozy","15":"tag-people","16":"tag-vacances-au-bord-de-la-mer"},"share_on_mastodon":{"url":"https:\/\/pubeurope.com\/@fr\/115000911112750998","error":""},"_links":{"self":[{"href":"https:\/\/www.europesays.com\/fr\/wp-json\/wp\/v2\/posts\/308130","targetHints":{"allow":["GET"]}}],"collection":[{"href":"https:\/\/www.europesays.com\/fr\/wp-json\/wp\/v2\/posts"}],"about":[{"href":"https:\/\/www.europesays.com\/fr\/wp-json\/wp\/v2\/types\/post"}],"author":[{"embeddable":true,"href":"https:\/\/www.europesays.com\/fr\/wp-json\/wp\/v2\/users\/2"}],"replies":[{"embeddable":true,"href":"https:\/\/www.europesays.com\/fr\/wp-json\/wp\/v2\/comments?post=308130"}],"version-history":[{"count":0,"href":"https:\/\/www.europesays.com\/fr\/wp-json\/wp\/v2\/posts\/308130\/revisions"}],"wp:featuredmedia":[{"embeddable":true,"href":"https:\/\/www.europesays.com\/fr\/wp-json\/wp\/v2\/media\/308131"}],"wp:attachment":[{"href":"https:\/\/www.europesays.com\/fr\/wp-json\/wp\/v2\/media?parent=308130"}],"wp:term":[{"taxonomy":"category","embeddable":true,"href":"https:\/\/www.europesays.com\/fr\/wp-json\/wp\/v2\/categories?post=308130"},{"taxonomy":"post_tag","embeddable":true,"href":"https:\/\/www.europesays.com\/fr\/wp-json\/wp\/v2\/tags?post=308130"}],"curies":[{"name":"wp","href":"https:\/\/api.w.org\/{rel}","templated":true}]}}