{"id":308134,"date":"2025-08-09T21:24:12","date_gmt":"2025-08-09T21:24:12","guid":{"rendered":"https:\/\/www.europesays.com\/fr\/308134\/"},"modified":"2025-08-09T21:24:12","modified_gmt":"2025-08-09T21:24:12","slug":"port-la-nouvelle-christian-gau-des-gants-de-boxe-aux-plumes","status":"publish","type":"post","link":"https:\/\/www.europesays.com\/fr\/308134\/","title":{"rendered":"Port-La Nouvelle. Christian Gau : des gants de boxe aux plumes"},"content":{"rendered":"<p>L\u2019ancien moniteur de boxe n\u2019en finit pas d\u2019allonger les intrigues sur le papier. Le destin n\u2019oublie jamais devient son 5e ouvrage aux \u00e9ditions Les presses litt\u00e9raires. Au c\u0153ur de cette fiction, un tueur en s\u00e9rie pr\u00eat \u00e0 d\u00e9sorienter les enqu\u00eateurs lanc\u00e9s sur ses traces. \u00ab\u00a0Dans ce polar, j\u2019ai souhait\u00e9 inviter les lecteurs \u00e0 s\u2019interroger autour de la phrase : m\u00e9fions-nous de l\u2019horreur, elle peut ouvrir une br\u00e8che dans nos convictions les plus profondes\u00a0\u00bb, souligne l\u2019auteur nouvellois aux origines is\u00e9roises. L\u2019action se d\u00e9roule principalement dans les Pyr\u00e9n\u00e9es-Orientales avec quelques faits dans l\u2019Aude. La superbe Collioure se situe au centre de l\u2019intrigue et la C\u00f4te Vermeille plus g\u00e9n\u00e9ralement.<\/p>\n<p>Dans cette nouvelle histoire ind\u00e9pendante des autres, les lecteurs retrouveront de vieilles connaissances comme la commissaire Val\u00e9rie Dagu\u00e8s et son \u00e9quipe du Service interd\u00e9partemental de la police judiciaire (SIPJ) de Perpignan. Les gants rang\u00e9s dans le placard, Christian Gau et sa plume rappellent que certains de ses pr\u00e9c\u00e9dents ouvrages ont connu un vif succ\u00e8s. Les oubli\u00e9s de la lumi\u00e8re divine (enqu\u00eate sur le ph\u00e9nom\u00e8ne des mouvements sectaires) a \u00e9t\u00e9 pr\u00e9s\u00e9lectionn\u00e9 pour le c\u00e9l\u00e8bre prix de l\u2019\u00c9v\u00each\u00e9 de Marseille. Le terminal des ambitieux (enqu\u00eate sur le blanchiment d\u2019argent) a fait partie de la s\u00e9lection 2025 du prix de l\u2019Embouchure de Toulouse. \u00ab\u00a0Je suis tr\u00e8s fier d\u2019avoir \u00e9t\u00e9 s\u00e9lectionn\u00e9 aux c\u00f4t\u00e9s d\u2019auteurs reconnus dans le monde du livre sur le plan national\u00a0\u00bb , dit-il avec simplicit\u00e9. En parall\u00e8le de sa nouvelle vie d\u2019\u00e9crivain, Christian intervient dans un cadre diff\u00e9rent avec le mot \u00ab\u00a0partage\u00a0\u00bb comme leitmotiv. \u00ab\u00a0Je suis actuellement sur un super projet avec des ados du service municipal enfance et jeunesse de Port-La Nouvelle. En juin, j\u2019ai \u00e9t\u00e9 invit\u00e9 dans une classe de 5e du coll\u00e8ge Saint-Louis-de-Gonzague de Perpignan afin d\u2019\u00e9changer sur l\u2019\u00e9criture de mes romans. Un super moment (&#8230;)\u00a0\u00bb.<\/p>\n<p>L\u2019\u00e9crivain sera \u00e0 Cultura Narbonne, <b>lundi 11 ao\u00fbt <\/b>et \u00e0 la Plume leucatoise \u00e0 Leucate-village, <b>mardi 12 ao\u00fbt<\/b>.<\/p>\n<p>Facebook et instagram : Christian Gau auteur.<\/p>\n","protected":false},"excerpt":{"rendered":"L\u2019ancien moniteur de boxe n\u2019en finit pas d\u2019allonger les intrigues sur le papier. Le destin n\u2019oublie jamais devient&hellip;\n","protected":false},"author":2,"featured_media":308135,"comment_status":"","ping_status":"","sticky":false,"template":"","format":"standard","meta":{"footnotes":""},"categories":[1357],"tags":[1379,58,59,1011,27,1380],"class_list":{"0":"post-308134","1":"post","2":"type-post","3":"status-publish","4":"format-standard","5":"has-post-thumbnail","7":"category-livres","8":"tag-books","9":"tag-divertissement","10":"tag-entertainment","11":"tag-fr","12":"tag-france","13":"tag-livres"},"share_on_mastodon":{"url":"https:\/\/pubeurope.com\/@fr\/115000919019279877","error":""},"_links":{"self":[{"href":"https:\/\/www.europesays.com\/fr\/wp-json\/wp\/v2\/posts\/308134","targetHints":{"allow":["GET"]}}],"collection":[{"href":"https:\/\/www.europesays.com\/fr\/wp-json\/wp\/v2\/posts"}],"about":[{"href":"https:\/\/www.europesays.com\/fr\/wp-json\/wp\/v2\/types\/post"}],"author":[{"embeddable":true,"href":"https:\/\/www.europesays.com\/fr\/wp-json\/wp\/v2\/users\/2"}],"replies":[{"embeddable":true,"href":"https:\/\/www.europesays.com\/fr\/wp-json\/wp\/v2\/comments?post=308134"}],"version-history":[{"count":0,"href":"https:\/\/www.europesays.com\/fr\/wp-json\/wp\/v2\/posts\/308134\/revisions"}],"wp:featuredmedia":[{"embeddable":true,"href":"https:\/\/www.europesays.com\/fr\/wp-json\/wp\/v2\/media\/308135"}],"wp:attachment":[{"href":"https:\/\/www.europesays.com\/fr\/wp-json\/wp\/v2\/media?parent=308134"}],"wp:term":[{"taxonomy":"category","embeddable":true,"href":"https:\/\/www.europesays.com\/fr\/wp-json\/wp\/v2\/categories?post=308134"},{"taxonomy":"post_tag","embeddable":true,"href":"https:\/\/www.europesays.com\/fr\/wp-json\/wp\/v2\/tags?post=308134"}],"curies":[{"name":"wp","href":"https:\/\/api.w.org\/{rel}","templated":true}]}}