{"id":308138,"date":"2025-08-09T21:26:20","date_gmt":"2025-08-09T21:26:20","guid":{"rendered":"https:\/\/www.europesays.com\/fr\/308138\/"},"modified":"2025-08-09T21:26:20","modified_gmt":"2025-08-09T21:26:20","slug":"la-chanteuse-kelly-clarkson-en-deuil-lhomme-quelle-aimait-et-pere-de-ses-enfants-est-mort-tele-7-jours","status":"publish","type":"post","link":"https:\/\/www.europesays.com\/fr\/308138\/","title":{"rendered":"La chanteuse Kelly Clarkson en deuil : \u201cl\u2019homme qu\u2019elle aimait\u201d et p\u00e8re de ses enfants est mort &#8211; T\u00e9l\u00e9 7 Jours"},"content":{"rendered":"<ol>\n<li><a href=\"https:\/\/news.google.com\/rss\/articles\/CBMi_gFBVV95cUxPYTVTNXFrTWdGbGtOaEFLSV9NMExPbVF4STVnRnVFRndtdk12dG82RnRwY0RocjNvbEhPYmxBMlZVakZaYzJaN1FRdFJRS1V6ZGR5WElXekNuYVVYRE03RGJtcm5CZDNsaVliUlA1U1VUNG95LXIySjFDSXdKeU5nRV8zMk13T3BFUG1aU01oRXlLbU9BTUhfc2VsY2ZjTXNnZWRmMDd0WmlrNHlZdFZLMWtHb3Z1dTVFLTEyXzhmLXNLazhhWksxMklYVjFQdHp3cWVibkV0N2w5eXRyNVR2R2VvNkRmSEQ5VHV0cDRQN3V4Y0VLNE1iT19NU2lSZw?oc=5\" target=\"_blank\" rel=\"nofollow noopener\">La chanteuse Kelly Clarkson en deuil : \u201cl\u2019homme qu\u2019elle aimait\u201d et p\u00e8re de ses enfants est mort<\/a>&nbsp;&nbsp;T\u00e9l\u00e9 7 Jours<\/li>\n<li><a href=\"https:\/\/news.google.com\/rss\/articles\/CBMiggFBVV95cUxQcnBNNmdMUzFWend4ak5ENUxpRjEyRWZjTWMyUEt6ZHF1UHJGMEdTZm95ZGRUeGp1dGxtTGlOcjZ3WkdDYzc4enl5aEVubkZkdjlZQkdyc2dvRGc0RmZ2V1FCYUNQY1hRMDdFcnFWTmFsTnFRSEV5ekFCTHNNNTdzMC1B?oc=5\" target=\"_blank\" rel=\"nofollow noopener\">Mise en retrait pour cette star de la chanson : le p\u00e8re de ses enfants emport\u00e9 \u00e0 48 ans<\/a>&nbsp;&nbsp;Yahoo Actualit\u00e9s<\/li>\n<li><a href=\"https:\/\/news.google.com\/rss\/articles\/CBMivgFBVV95cUxNNlh3OFJmYW5CRTJNU1lEcWFqM2ItRk94UU5Mc05mRDNlckZqMkJ2Nl9NY255SVp1VnBtRmRGbkxweW5sVkNGMk02REUtTHhza2E4VnQ0M0pOZ042UGVrLWpablBFcjZ3V3FuRkVuX01qS1BjbVBISnBmbF95a2R5WWwyNFltYlAyUnFTUkZHaVRoOTdsWEhOeTE2blJDZVo4enBaSmhYOGNrU0pRVTNpNTVERkVBV2ltMExxdVFn?oc=5\" target=\"_blank\" rel=\"nofollow noopener\">Brandon Blackstock, ex-mari de Kelly Clarkson, est mort<\/a>&nbsp;&nbsp;20 Minutes<\/li>\n<li><a href=\"https:\/\/news.google.com\/rss\/articles\/CBMigAJBVV95cUxQRHZUT0dIRUw1TW1nUWs2cVBIUFdQVXhmRHoxZ3ZNRWc3OGs4S1BYOEgtRVFxTVM3R3lBOC1zS1V5VVRLZC1xQ1hTM1l2b2FFSW5TXy1xcUpUcldxMC02RURrVFZSbUFCTmRKSHVYU0NaTXprdXRaLWNnZ1ZWSW1nVFg3aVpYbnRQMThEdlZGV0EwenMtM0tBZHNmOWQ2blRzbi1lY21lamNyYm1zdTI1b0doa1JoTFBnbldZb0ItcW5rcERjVGRoSTI3WFNaeGQ3b2tROEZiQVUtb1NmZXR0RGVja3J4dS0zYWc0WU80ZGo4Rld3dU5pWWlBc3Q5M1F0?oc=5\" target=\"_blank\" rel=\"nofollow noopener\">Cette grande chanteuse au tube incontournable annule des concerts en derni\u00e8re minute, son ex-mari \u00e0 l&rsquo;origine de cette d\u00e9cision<\/a>&nbsp;&nbsp;Purepeople<\/li>\n<li><a href=\"https:\/\/news.google.com\/rss\/articles\/CBMitwFBVV95cUxQUGVjOUN1a3ducmhoTXY4aWU0aG9PQUVteDUzVjZqYWxVR1N0R1pVejNCYUVCLUxNUld6emN3VmUyWmZ0d29Bd2FUaXMzSGMzcW93djFQWmczNWdHSkhYUzdqZVZfQUdtMjNMTzhpb3NwS1FJRXZfZi1MQWM5Q0RyODlFWklteXNCVTJIbXZ4X3ZXak82MUZJcWtQcl9BM2QtX2d4OFBfVEN0aXRucEhxUmdfREpnSVk?oc=5\" target=\"_blank\" rel=\"nofollow noopener\">Kelly Clarkson d\u00e9vast\u00e9e pour ses enfants apr\u00e8s la mort de son ex-mari<\/a>&nbsp;&nbsp;CNews<\/li>\n<\/ol>\n","protected":false},"excerpt":{"rendered":"La chanteuse Kelly Clarkson en deuil : \u201cl\u2019homme qu\u2019elle aimait\u201d et p\u00e8re de ses enfants est mort&nbsp;&nbsp;T\u00e9l\u00e9 7&hellip;\n","protected":false},"author":2,"featured_media":1445,"comment_status":"","ping_status":"","sticky":false,"template":"","format":"standard","meta":{"footnotes":""},"categories":[1355],"tags":[58,59,1011,27,1361,873],"class_list":{"0":"post-308138","1":"post","2":"type-post","3":"status-publish","4":"format-standard","5":"has-post-thumbnail","7":"category-musique","8":"tag-divertissement","9":"tag-entertainment","10":"tag-fr","11":"tag-france","12":"tag-music","13":"tag-musique"},"share_on_mastodon":{"url":"https:\/\/pubeurope.com\/@fr\/115000926875211428","error":""},"_links":{"self":[{"href":"https:\/\/www.europesays.com\/fr\/wp-json\/wp\/v2\/posts\/308138","targetHints":{"allow":["GET"]}}],"collection":[{"href":"https:\/\/www.europesays.com\/fr\/wp-json\/wp\/v2\/posts"}],"about":[{"href":"https:\/\/www.europesays.com\/fr\/wp-json\/wp\/v2\/types\/post"}],"author":[{"embeddable":true,"href":"https:\/\/www.europesays.com\/fr\/wp-json\/wp\/v2\/users\/2"}],"replies":[{"embeddable":true,"href":"https:\/\/www.europesays.com\/fr\/wp-json\/wp\/v2\/comments?post=308138"}],"version-history":[{"count":0,"href":"https:\/\/www.europesays.com\/fr\/wp-json\/wp\/v2\/posts\/308138\/revisions"}],"wp:featuredmedia":[{"embeddable":true,"href":"https:\/\/www.europesays.com\/fr\/wp-json\/wp\/v2\/media\/1445"}],"wp:attachment":[{"href":"https:\/\/www.europesays.com\/fr\/wp-json\/wp\/v2\/media?parent=308138"}],"wp:term":[{"taxonomy":"category","embeddable":true,"href":"https:\/\/www.europesays.com\/fr\/wp-json\/wp\/v2\/categories?post=308138"},{"taxonomy":"post_tag","embeddable":true,"href":"https:\/\/www.europesays.com\/fr\/wp-json\/wp\/v2\/tags?post=308138"}],"curies":[{"name":"wp","href":"https:\/\/api.w.org\/{rel}","templated":true}]}}