{"id":308141,"date":"2025-08-09T21:28:09","date_gmt":"2025-08-09T21:28:09","guid":{"rendered":"https:\/\/www.europesays.com\/fr\/308141\/"},"modified":"2025-08-09T21:28:09","modified_gmt":"2025-08-09T21:28:09","slug":"des-fromages-vendus-chez-lidl-et-les-magasins-u-rappeles-pour-risque-de-contamination-a-la-listeria","status":"publish","type":"post","link":"https:\/\/www.europesays.com\/fr\/308141\/","title":{"rendered":"Des fromages vendus chez Lidl et les magasins U rappel\u00e9s pour risque de contamination \u00e0 la listeria"},"content":{"rendered":"<p>Sept r\u00e9f\u00e9rences de fromages vendues jusqu&rsquo;\u00e0 ce samedi 9 ao\u00fbt dans les magasins Lidl et U sont rappel\u00e9es pour suspicion de contamination par la Listeria.<\/p>\n<p>Des lots de fromages ont fait l&rsquo;objet d&rsquo;un rappel ce samedi 9 ao\u00fbt pouvait-on lire sur le site gouvernemental <a href=\"https:\/\/rappel.conso.gouv.fr\/fiche-rappel\/19320\/Interne\" target=\"_blank\" class=\"external_link\" rel=\"nofollow noopener\">Rappel Conso<\/a>.<\/p>\n<p>Pr\u00e8s de sept r\u00e9f\u00e9rences sont concern\u00e9es. Il s&rsquo;agit principalement de fromages de marque Ch\u00eane d&rsquo;Argent vendus dans les magasins Lidl. Il s&rsquo;agit notamment de Camemberts, de Coulommiers, d&rsquo;une b\u00fbche de ch\u00e8vre. Ce rappel vise \u00e9galement le fromage pasteuris\u00e9 Le Carr\u00e9 distribu\u00e9 par les magasins U. Ces produits se trouvaient parfois dans les rayons encore ce samedi.<\/p>\n<p>Des sympt\u00f4mes graves<\/p>\n<p>Les consommateurs qui seraient en possession de tels produits sont pri\u00e9s de ne pas les consommer, de contacter le point de vente et de d\u00e9truire le produit. Ils pourront \u00eatre rembours\u00e9s.<\/p>\n<p>\u00ab\u00a0Les personnes qui auraient consomm\u00e9 ces produits et qui pr\u00e9senteraient de la fi\u00e8vre, isol\u00e9e ou accompagn\u00e9e de maux de t\u00eate, et des courbatures, sont invit\u00e9es \u00e0 consulter leur m\u00e9decin traitant en lui signalant cette consommation\u00a0\u00bb, pr\u00e9cisent les autorit\u00e9s.<\/p>\n<p>La list\u00e9riose est une maladie qui peut \u00eatre grave et dont le d\u00e9lai d&rsquo;incubation peut aller jusqu&rsquo;\u00e0 huit semaines.<\/p>\n","protected":false},"excerpt":{"rendered":"Sept r\u00e9f\u00e9rences de fromages vendues jusqu&rsquo;\u00e0 ce samedi 9 ao\u00fbt dans les magasins Lidl et U sont rappel\u00e9es&hellip;\n","protected":false},"author":2,"featured_media":308142,"comment_status":"","ping_status":"","sticky":false,"template":"","format":"standard","meta":{"footnotes":""},"categories":[10],"tags":[1011,27,72,71],"class_list":{"0":"post-308141","1":"post","2":"type-post","3":"status-publish","4":"format-standard","5":"has-post-thumbnail","7":"category-sante","8":"tag-fr","9":"tag-france","10":"tag-health","11":"tag-sante"},"share_on_mastodon":{"url":"https:\/\/pubeurope.com\/@fr\/115000934711132448","error":""},"_links":{"self":[{"href":"https:\/\/www.europesays.com\/fr\/wp-json\/wp\/v2\/posts\/308141","targetHints":{"allow":["GET"]}}],"collection":[{"href":"https:\/\/www.europesays.com\/fr\/wp-json\/wp\/v2\/posts"}],"about":[{"href":"https:\/\/www.europesays.com\/fr\/wp-json\/wp\/v2\/types\/post"}],"author":[{"embeddable":true,"href":"https:\/\/www.europesays.com\/fr\/wp-json\/wp\/v2\/users\/2"}],"replies":[{"embeddable":true,"href":"https:\/\/www.europesays.com\/fr\/wp-json\/wp\/v2\/comments?post=308141"}],"version-history":[{"count":0,"href":"https:\/\/www.europesays.com\/fr\/wp-json\/wp\/v2\/posts\/308141\/revisions"}],"wp:featuredmedia":[{"embeddable":true,"href":"https:\/\/www.europesays.com\/fr\/wp-json\/wp\/v2\/media\/308142"}],"wp:attachment":[{"href":"https:\/\/www.europesays.com\/fr\/wp-json\/wp\/v2\/media?parent=308141"}],"wp:term":[{"taxonomy":"category","embeddable":true,"href":"https:\/\/www.europesays.com\/fr\/wp-json\/wp\/v2\/categories?post=308141"},{"taxonomy":"post_tag","embeddable":true,"href":"https:\/\/www.europesays.com\/fr\/wp-json\/wp\/v2\/tags?post=308141"}],"curies":[{"name":"wp","href":"https:\/\/api.w.org\/{rel}","templated":true}]}}