{"id":308150,"date":"2025-08-09T21:33:10","date_gmt":"2025-08-09T21:33:10","guid":{"rendered":"https:\/\/www.europesays.com\/fr\/308150\/"},"modified":"2025-08-09T21:33:10","modified_gmt":"2025-08-09T21:33:10","slug":"crise-entre-le-liban-et-liran-autour-du-desarmement-du-hezbollah","status":"publish","type":"post","link":"https:\/\/www.europesays.com\/fr\/308150\/","title":{"rendered":"Crise Entre Le Liban Et L\u2019Iran Autour Du D\u00e9sarmement Du Hezbollah"},"content":{"rendered":"<p class=\"\" data-is=\"component-paragraph\">Un vif affrontement diplomatique a \u00e9clat\u00e9 samedi entre Beyrouth et T\u00e9h\u00e9ran apr\u00e8s les d\u00e9clarations d\u2019Ali Akbar Velayati, conseiller du guide supr\u00eame iranien Ali Khamenei, d\u00e9non\u00e7ant le projet du gouvernement libanais de d\u00e9sarmer le Hezbollah. Velayati a affirm\u00e9 que \u00ab le r\u00eave de priver le Hezbollah de ses armes ne se r\u00e9alisera pas \u00bb et a pr\u00e9sent\u00e9 le mouvement chiite comme \u00ab plus fort que jamais \u00bb face aux \u00ab plans am\u00e9ricains et isra\u00e9liens \u00bb. Il a ajout\u00e9 : \u00ab Si le Hezbollah est d\u00e9sarm\u00e9, qui prot\u00e9gera les citoyens libanais ? \u00bb<\/p>\n<p class=\"\" data-is=\"component-paragraph\">La r\u00e9ponse du ministre libanais des Affaires \u00e9trang\u00e8res, Youssef Raggi, a \u00e9t\u00e9 cinglante. Dans un message publi\u00e9 sur X, il a condamn\u00e9 une \u00ab ing\u00e9rence flagrante et inacceptable \u00bb dans les affaires internes du Liban et rappel\u00e9 \u00e0 l\u2019Iran de \u00ab se concentrer sur les besoins de son propre peuple \u00bb plut\u00f4t que de s\u2019immiscer dans les d\u00e9cisions souveraines libanaises.<\/p>\n<p class=\"\" data-is=\"component-paragraph\">Cette tension survient alors que le gouvernement libanais, sous l\u2019impulsion du Premier ministre Nawaf Salam, a demand\u00e9 \u00e0 l\u2019arm\u00e9e de pr\u00e9parer d\u2019ici la fin du mois un plan pour d\u00e9sarmer le Hezbollah avant la fin de l\u2019ann\u00e9e. La d\u00e9cision a provoqu\u00e9 un boycott de la s\u00e9ance par les ministres affili\u00e9s au mouvement chiite et \u00e0 Amal.\u00a0Le Hezbollah, de son c\u00f4t\u00e9, accuse l\u2019ex\u00e9cutif de \u00ab se soumettre aux diktats des \u00c9tats-Unis \u00bb et d\u2019\u00ab affaiblir la souverainet\u00e9 nationale \u00bb en retirant au Liban ses moyens de d\u00e9fense face \u00e0 Isra\u00ebl. Le climat politique, d\u00e9j\u00e0 tendu, se d\u00e9grade, alimentant les craintes de nouvelles manifestations et d\u2019instabilit\u00e9 \u00e0 Beyrouth.<\/p>\n","protected":false},"excerpt":{"rendered":"Un vif affrontement diplomatique a \u00e9clat\u00e9 samedi entre Beyrouth et T\u00e9h\u00e9ran apr\u00e8s les d\u00e9clarations d\u2019Ali Akbar Velayati, conseiller&hellip;\n","protected":false},"author":2,"featured_media":308151,"comment_status":"","ping_status":"","sticky":false,"template":"","format":"standard","meta":{"footnotes":""},"categories":[5],"tags":[11,1011,27,14,12,28],"class_list":{"0":"post-308150","1":"post","2":"type-post","3":"status-publish","4":"format-standard","5":"has-post-thumbnail","7":"category-international","8":"tag-actualites","9":"tag-fr","10":"tag-france","11":"tag-international","12":"tag-news","13":"tag-world"},"share_on_mastodon":{"url":"https:\/\/pubeurope.com\/@fr\/115000954359255674","error":""},"_links":{"self":[{"href":"https:\/\/www.europesays.com\/fr\/wp-json\/wp\/v2\/posts\/308150","targetHints":{"allow":["GET"]}}],"collection":[{"href":"https:\/\/www.europesays.com\/fr\/wp-json\/wp\/v2\/posts"}],"about":[{"href":"https:\/\/www.europesays.com\/fr\/wp-json\/wp\/v2\/types\/post"}],"author":[{"embeddable":true,"href":"https:\/\/www.europesays.com\/fr\/wp-json\/wp\/v2\/users\/2"}],"replies":[{"embeddable":true,"href":"https:\/\/www.europesays.com\/fr\/wp-json\/wp\/v2\/comments?post=308150"}],"version-history":[{"count":0,"href":"https:\/\/www.europesays.com\/fr\/wp-json\/wp\/v2\/posts\/308150\/revisions"}],"wp:featuredmedia":[{"embeddable":true,"href":"https:\/\/www.europesays.com\/fr\/wp-json\/wp\/v2\/media\/308151"}],"wp:attachment":[{"href":"https:\/\/www.europesays.com\/fr\/wp-json\/wp\/v2\/media?parent=308150"}],"wp:term":[{"taxonomy":"category","embeddable":true,"href":"https:\/\/www.europesays.com\/fr\/wp-json\/wp\/v2\/categories?post=308150"},{"taxonomy":"post_tag","embeddable":true,"href":"https:\/\/www.europesays.com\/fr\/wp-json\/wp\/v2\/tags?post=308150"}],"curies":[{"name":"wp","href":"https:\/\/api.w.org\/{rel}","templated":true}]}}