{"id":308157,"date":"2025-08-09T21:37:15","date_gmt":"2025-08-09T21:37:15","guid":{"rendered":"https:\/\/www.europesays.com\/fr\/308157\/"},"modified":"2025-08-09T21:37:15","modified_gmt":"2025-08-09T21:37:15","slug":"saint-etienne-et-montpellier-patinent-dentree","status":"publish","type":"post","link":"https:\/\/www.europesays.com\/fr\/308157\/","title":{"rendered":"Saint-Etienne et Montpellier patinent d\u2019entr\u00e9e"},"content":{"rendered":"<p>Six rencontres se disputaient ce samedi pour le cadre de la premi\u00e8re journ\u00e9e. Fra\u00eechement descendus de Ligue 2, Saint-Etienne et Montpellier ont connu des r\u00e9sultats identiques.<\/p>\n<p class=\"fig-paragraph\">Si Saint-Etienne et Montpellier s\u2019attendaient \u00e0 un premier match tranquille en\u00a0<a href=\"http:\/\/www.lefigaro.fr\/sports\/football\/ligue-1\/ligue-1-ligue-2-la-lfp-change-les-regles-pour-departager-les-equipes-en-cas-d-egalite-au-classement-20250808\" data-fig-type=\"NewsFlash\" data-gtm-custom-categorie=\"navigation\" data-gtm-custom-action=\"crossclick\" data-gtm-custom-label=\"Contextuel\" data-gtm-event=\"customEventSPE\" data-fig-domain=\"LEFIGARO\" target=\"_blank\" rel=\"noopener\">Ligue 2<\/a>, la r\u00e9alit\u00e9 a \u00e9t\u00e9 tout autre ce samedi. En d\u00e9placement \u00e0 Laval, les Verts ont conc\u00e9d\u00e9 le nul 3-3 en toute fin de partie tandis que le MHSC devra se contenter d\u2019un point face au Red Star \u00e0 domicile.\u00a0<a href=\"http:\/\/www.lefigaro.fr\/sports\/football\/ligue-2-six-buts-carton-rouge-match-nul-spectaculaire-entre-guingamp-et-le-mans-20250809\" data-fig-type=\"NewsFlash\" data-gtm-custom-categorie=\"navigation\" data-gtm-custom-action=\"crossclick\" data-gtm-custom-label=\"Contextuel\" data-gtm-event=\"customEventSPE\" data-fig-domain=\"LEFIGARO\" target=\"_blank\" rel=\"noopener\">Apr\u00e8s le feu d\u2019artifice inaugural entre Guingamp et Le Mans<\/a>, le premier multiplex de la saison a tenu toutes ses promesses.<\/p>\n<p class=\"fig-paragraph\">Commen\u00e7ons par\u00a0<a href=\"http:\/\/www.lefigaro.fr\/sports\/football\/ligue-2-l-heure-de-la-reprise-et-le-debut-de-la-mission-remontee-pour-saint-etienne-20250809\" data-fig-type=\"NewsFlash\" data-gtm-custom-categorie=\"navigation\" data-gtm-custom-action=\"crossclick\" data-gtm-custom-label=\"Contextuel\" data-gtm-event=\"customEventSPE\" data-fig-domain=\"LEFIGARO\" target=\"_blank\" rel=\"noopener\">le cas St\u00e9phanois<\/a>. Plus gros budget du Championnat cette saison (plus de 20 millions d\u2019euros d\u00e9j\u00e0 d\u00e9pens\u00e9s sur le march\u00e9 des transferts contre moins de 2 millions pour les 17 autres clubs), l\u2019ASSE \u00e9tait attendu pour son entr\u00e9e en lice contre le 7e de la pr\u00e9c\u00e9dente saison de Ligue 2. Malgr\u00e9 un premier but conc\u00e9d\u00e9 tr\u00e8s vite en premi\u00e8re mi-temps, les hommes d\u2019Eirik Horneland ont su r\u00e9agir par l\u2019interm\u00e9diaire de Cardona puis Boakye.<\/p>\n<p>                                    <a class=\"fig-a11y-skip a11y-hidden\" href=\"#fig-a11y-skip-main-inarticle\"><br \/>\n        Passer la publicit\u00e9<br \/>\n    <\/a><\/p>\n<p class=\"fig-paragraph\">Tchokount\u00e9 s\u2019est offert un doubl\u00e9 sur un penalty b\u00eatement offert par Nad\u00e9 avant la mi-temps pour revenir \u00e0 2-2 avant que Ben Old ne remette les siens en t\u00eate au tableau d\u2019affichage d\u00e8s la reprise. Les Verts ont ensuite g\u00e9r\u00e9 la seconde mi-temps,\u00a0<a href=\"http:\/\/www.lefigaro.fr\/sports\/football\/foot-en-vacances-a-cannes-kvaratskhelia-et-davitashvili-victimes-d-un-cambriolage-20250609\" data-fig-type=\"NewsFlash\" data-gtm-custom-categorie=\"navigation\" data-gtm-custom-action=\"crossclick\" data-gtm-custom-label=\"Contextuel\" data-gtm-event=\"customEventSPE\" data-fig-domain=\"LEFIGARO\" target=\"_blank\" rel=\"noopener\">Davitashvili<\/a>\u00a0est entr\u00e9 \u00e0 l\u2019heure de jeu, mais le Stade Lavallois a b\u00e9n\u00e9fici\u00e9 d\u2019un coup du sort \u00e0 trois minutes du terme pour recoller \u00e0 3-3. Malgr\u00e9 l\u2019arriv\u00e9e de l\u2019international portugais Chico Lamba en d\u00e9fense central, Saint-Etienne encaisse encore trop de buts. Un d\u00e9faut qu\u2019il faudra gommer pour la suite de la saison.<\/p>\n<p>Montpellier cale d\u00e9j\u00e0 \u00e0 domicile<\/p>\n<p class=\"fig-paragraph\">Il y a eu moins de spectacle \u00e0 la Mosson mais le r\u00e9sultat est similaire\u00a0: un seul point pris par la formation de\u00a0<a href=\"http:\/\/www.lefigaro.fr\/sports\/football\/ligue-1\/ligue-1-zoumana-camara-va-remplacer-jean-louis-gasset-sur-le-banc-de-montpellier-20250408\" data-fig-type=\"NewsFlash\" data-gtm-custom-categorie=\"navigation\" data-gtm-custom-action=\"crossclick\" data-gtm-custom-label=\"Contextuel\" data-gtm-event=\"customEventSPE\" data-fig-domain=\"LEFIGARO\" target=\"_blank\" rel=\"noopener\">Zoumana Camara<\/a>\u00a0face \u00e0 des joueurs du Red Star bien en place qui ont largement bouscul\u00e9 les sudistes en premi\u00e8re p\u00e9riode. Damien Durant a concr\u00e9tis\u00e9 cette domination par une jolie vol\u00e9e d\u00e8s la 11e minute sur un centre tout aussi joli de Dembo Sylla. Le capitaine du MHSC Becir Omeragic lui a r\u00e9pondu avant la mi-temps d\u2019une t\u00eate rageuse.<\/p>\n<p class=\"fig-paragraph\">Entre-temps, le d\u00e9positaire du jeu montpelli\u00e9rain Khalil Fayad est sorti sur blessure. Un coup dur pour les locaux dans ce d\u00e9but de saison. Rien de plus \u00e0 signaler en seconde p\u00e9riode si ce n\u2019est l\u2019entr\u00e9e en jeu de\u00a0<a href=\"http:\/\/www.lefigaro.fr\/sports\/football\/quand-tu-touches-210-000-euros-par-mois-ca-va-teji-savanier-repond-au-chambrage-d-un-supporter-en-coupe-de-france-20241222\" data-fig-type=\"NewsFlash\" data-gtm-custom-categorie=\"navigation\" data-gtm-custom-action=\"crossclick\" data-gtm-custom-label=\"Contextuel\" data-gtm-event=\"customEventSPE\" data-fig-domain=\"LEFIGARO\" target=\"_blank\" rel=\"noopener\">Teji Savanier<\/a>, annonc\u00e9 partant mais en manque de courtisans pour le moment. Le v\u00e9t\u00e9ran de 33 ans aurait pu donner la victoire \u00e0 son \u00e9quipe en fin de match mais il a manqu\u00e9 sa frappe du gauche.<\/p>\n<p class=\"fig-paragraph\">Au rayon des loup\u00e9s, le nouvel arrivant Alexandre Mendy a lui aussi vendanger une grosse occasion de but juste avant la mi-temps.\u00a0<a href=\"http:\/\/www.lefigaro.fr\/sports\/football\/ligue-2-caen-relegue-en-troisieme-division-moins-d-un-an-apres-son-rachat-par-kylian-mbappe-20250418\" data-fig-type=\"NewsFlash\" data-gtm-custom-categorie=\"navigation\" data-gtm-custom-action=\"crossclick\" data-gtm-custom-label=\"Contextuel\" data-gtm-event=\"customEventSPE\" data-fig-domain=\"LEFIGARO\" target=\"_blank\" rel=\"noopener\">L\u2019ancien caennais<\/a>\u00a0a par ailleurs v\u00e9cu une premi\u00e8re sans relief sur le front de l\u2019attaque du MHSC, qui pointe provisoirement \u00e0 la 9e place juste devant son adversaire du soir, tandis que Saint-Etienne int\u00e8gre le top 5 en attendant le dernier match de cette premi\u00e8re journ\u00e9e entre Amiens et le Stade de Reims.<\/p>\n<p>Pau et Troyes r\u00e9ussissent leur d\u00e9but, Clermont accroche le nul<\/p>\n<p class=\"fig-paragraph\">Il y avait du spectacle aussi dans les trois autres rencontres de la soir\u00e9e, \u00e0 commencer par celle entre Dunkerque et Clermont au stade Marcel Tribut. Le quatri\u00e8me de la saison derni\u00e8re a pris le match par le bon bout en ouvrant le score par l\u2019interm\u00e9diaire de Sekongo (7e), mais les Auvergnats se sont rebell\u00e9s, notamment Saivet qui a inscrit un but sublime \u00e0 35 m\u00e8tres\u00a0<a href=\"https:\/\/www.lefigaro.fr\/sports\/football\/en-direct-multiplex-ligue-2-rentree-des-classes-pour-les-nouveaux-venus-saint-etienne-et-montpellier-20250809\" data-fig-type=\"Live\" data-gtm-custom-categorie=\"navigation\" data-gtm-custom-action=\"crossclick\" data-gtm-custom-label=\"Contextuel\" data-gtm-event=\"customEventSPE\" data-fig-domain=\"LEFIGARO\" target=\"_blank\" rel=\"noopener\">apr\u00e8s une \u00e9norme bourde de Niflore<\/a>. Bardeli a ensuite permis \u00e0 l\u2019USLD de revenir \u00e0 2-2 avant que Guivarch ne pr\u00e9serve le point du nul.<\/p>\n<p>                                    <a class=\"fig-a11y-skip a11y-hidden\" href=\"#fig-a11y-skip-main-inarticle_mtf\"><br \/>\n        Passer la publicit\u00e9<br \/>\n    <\/a><\/p>\n<p class=\"fig-paragraph\">Pau et Troyes ont quant \u00e0 eux profit\u00e9 de leur sup\u00e9riorit\u00e9 num\u00e9rique en seconde p\u00e9riode pour s\u2019imposer, sans trembler dans le cas de Pau, au forceps dans le cas de l\u2019Estac. Les Troyens ont finalement arrach\u00e9 les trois points gr\u00e2ce \u00e0 Adeline apr\u00e8s un cafouillage de la d\u00e9fense grenobloise (2-1). Omar Sadik, pr\u00eat\u00e9 par l\u2019Espanyol Barcelone, a lui ouvert son compteur sur penalty \u00e0 10 minutes du terme pour mettre \u00e0 l\u2019abri son \u00e9quipe face \u00e0 Annecy (2-0).<\/p>\n<p class=\"fig-paragraph\">Le dernier match de la soir\u00e9e opposait Rodez au promu nanc\u00e9en. Un match moins spectaculaire que les cinq pr\u00e9c\u00e9dents mais qui a permis d\u2019observer les premiers pas de la formation de Pablo Correa en Ligue 2 apr\u00e8s quatre ans d\u2019absences. Solide d\u00e9fensivement, l\u2019ASNL a pu compter sur son portier Enzo Basilio lors de ses temps faibles. Une premi\u00e8re encourageante avant d\u2019accueillir Boulogne-sur-Mer,\u00a0<a href=\"http:\/\/www.lefigaro.fr\/sports\/football\/ligue-2-repeche-boulogne-sur-mer-remplace-l-ac-ajaccio-relegue-en-national-20250807\" data-fig-type=\"NewsFlash\" data-gtm-custom-categorie=\"navigation\" data-gtm-custom-action=\"crossclick\" data-gtm-custom-label=\"Contextuel\" data-gtm-event=\"customEventSPE\" data-fig-domain=\"LEFIGARO\" target=\"_blank\" rel=\"noopener\">rep\u00each\u00e9 suite \u00e0 l\u2019exclusion de l\u2019AC Ajaccio<\/a>, lors de la prochaine journ\u00e9e.<\/p>\n","protected":false},"excerpt":{"rendered":"Six rencontres se disputaient ce samedi pour le cadre de la premi\u00e8re journ\u00e9e. Fra\u00eechement descendus de Ligue 2,&hellip;\n","protected":false},"author":2,"featured_media":308158,"comment_status":"","ping_status":"","sticky":false,"template":"","format":"standard","meta":{"footnotes":""},"categories":[9653],"tags":[1111,11,461,2430,1777,674,1011,27,446,463,12,25,4001],"class_list":{"0":"post-308157","1":"post","2":"type-post","3":"status-publish","4":"format-standard","5":"has-post-thumbnail","7":"category-saint-etienne","8":"tag-actu","9":"tag-actualites","10":"tag-asse","11":"tag-auvergne-rhone-alpes","12":"tag-eu","13":"tag-europe","14":"tag-fr","15":"tag-france","16":"tag-ligue-2","17":"tag-mhsc","18":"tag-news","19":"tag-republique-francaise","20":"tag-saint-etienne"},"share_on_mastodon":{"url":"https:\/\/pubeurope.com\/@fr\/115000969976324797","error":""},"_links":{"self":[{"href":"https:\/\/www.europesays.com\/fr\/wp-json\/wp\/v2\/posts\/308157","targetHints":{"allow":["GET"]}}],"collection":[{"href":"https:\/\/www.europesays.com\/fr\/wp-json\/wp\/v2\/posts"}],"about":[{"href":"https:\/\/www.europesays.com\/fr\/wp-json\/wp\/v2\/types\/post"}],"author":[{"embeddable":true,"href":"https:\/\/www.europesays.com\/fr\/wp-json\/wp\/v2\/users\/2"}],"replies":[{"embeddable":true,"href":"https:\/\/www.europesays.com\/fr\/wp-json\/wp\/v2\/comments?post=308157"}],"version-history":[{"count":0,"href":"https:\/\/www.europesays.com\/fr\/wp-json\/wp\/v2\/posts\/308157\/revisions"}],"wp:featuredmedia":[{"embeddable":true,"href":"https:\/\/www.europesays.com\/fr\/wp-json\/wp\/v2\/media\/308158"}],"wp:attachment":[{"href":"https:\/\/www.europesays.com\/fr\/wp-json\/wp\/v2\/media?parent=308157"}],"wp:term":[{"taxonomy":"category","embeddable":true,"href":"https:\/\/www.europesays.com\/fr\/wp-json\/wp\/v2\/categories?post=308157"},{"taxonomy":"post_tag","embeddable":true,"href":"https:\/\/www.europesays.com\/fr\/wp-json\/wp\/v2\/tags?post=308157"}],"curies":[{"name":"wp","href":"https:\/\/api.w.org\/{rel}","templated":true}]}}