{"id":308163,"date":"2025-08-09T21:42:10","date_gmt":"2025-08-09T21:42:10","guid":{"rendered":"https:\/\/www.europesays.com\/fr\/308163\/"},"modified":"2025-08-09T21:42:10","modified_gmt":"2025-08-09T21:42:10","slug":"toulon-operation-securite-en-mer-dans-les-alpes-maritimes","status":"publish","type":"post","link":"https:\/\/www.europesays.com\/fr\/308163\/","title":{"rendered":"TOULON : Op\u00e9ration \u00ab\u00a0S\u00e9curit\u00e9 en mer\u00a0\u00bb dans les Alpes-Maritimes"},"content":{"rendered":"<p><strong>Ce samedi 9 ao\u00fbt 2025 \u00e0 partir de 9h30, une op\u00e9ration \u00ab\u00a0S\u00e9curit\u00e9 Mer\u00a0\u00bb est organis\u00e9e sur le littoral maralpin \u00e0 l\u2019est de Nice par la Direction d\u00e9partementale des territoires et de la mer (DDTM) des Alpes-Maritimes, sous l\u2019autorit\u00e9 du Pr\u00e9fet maritime de la M\u00e9diterran\u00e9e.<\/strong><\/p>\n<p>Cette op\u00e9ration de contr\u00f4le a pour objectif de sensibiliser tous les usagers de la mer (navires de plaisance, navires \u00e0 passagers, v\u00e9hicules nautiques \u00e0 moteur, pratiquants de plong\u00e9e sous-marine, kite-surf, etc.) au respect de la r\u00e9glementation maritime g\u00e9n\u00e9rale et locale.<br \/>Port des gilets de sauvetage et entretien des \u00e9quipements de s\u00e9curit\u00e9, vitesse autoris\u00e9e sur le plan d\u2019eau et respect des zones de navigation, mouillage respectueux de l\u2019environnement : la r\u00e9glementation existante vise avant tout \u00e0 prot\u00e9ger les usagers et \u00e0 assurer leur s\u00e9curit\u00e9.<\/p>\n<p><strong>Trois grands principes s\u2019appliquent. Pour se les rappeler, il faut retenir le sigle suivant \u00a0\u00bb PEA, l\u2019assurance vie en mer \u00a0\u00bb :<\/strong><\/p>\n<p>Pr\u00e9parer : conna\u00eetre la m\u00e9t\u00e9o, les particularit\u00e9s de la zone, avoir conscience de son \u00e9tat de sant\u00e9 et de celui de ses passagers, pr\u00e9venir un proche de ses intentions et de l\u2019heure de retour pr\u00e9vue ;<br \/>\u00c9quiper : v\u00e9rifier son mat\u00e9riel, porter une brassi\u00e8re et une tenue adapt\u00e9e \u00e0 la pratique, avoir un moyen de communication en \u00e9tat de marche, \u00eatre en mesure de se signaler visuellement aupr\u00e8s des moyens de secours ;<br \/>Alerter : en cas de difficult\u00e9 =&gt; VHF 16 et le num\u00e9ro d\u2019urgence 196 depuis n\u2019importe quel t\u00e9l\u00e9phone pour joindre les secours (num\u00e9ro valable partout en France).<\/p>\n<p>Le respect de ces consignes permet de responsabiliser chaque usager de la mer et vise \u00e0 pr\u00e9venir un grand nombre d\u2019accidents. Le retour d\u2019exp\u00e9rience montre qu\u2019une bonne application des r\u00e8gles de s\u00e9curit\u00e9 aurait pu \u00e9viter de nombreux accidents survenus en 2024, o\u00f9 pr\u00e8s de 70 personnes ont perdu la vie en M\u00e9diterran\u00e9e.<br \/>La pr\u00e9fecture maritime de la M\u00e9diterran\u00e9e vous invite \u00e0 assister \u00e0 cette op\u00e9ration en mer qui consistera \u00e0 d\u00e9ployer les unit\u00e9s de contr\u00f4le en une action coordonn\u00e9e interservices de surveillance, regroupant les Affaires maritimes, la Gendarmerie maritime et la Gendarmerie des Alpes-Maritimes. Cette op\u00e9ration sera notamment l\u2019occasion d\u2019inviter les pratiquants \u00e0 la plus grande vigilance sur les plans d\u2019eau et au respect de la r\u00e9glementation g\u00e9n\u00e9rale et locale.<br \/><strong>\u00a0<\/strong><br \/><strong>Une attention particuli\u00e8re est port\u00e9e :<\/strong><\/p>\n<p>aux activit\u00e9s de loisirs nautiques potentiellement \u00e0 risque (jet-skis, engins tract\u00e9s, glisse a\u00e9rotract\u00e9e, etc.) \u00e9voluant \u00e0 proximit\u00e9 des c\u00f4tes et \u00e0 la vitesse excessive dans la bande des 300 m\u00e8tres ;<br \/>\u00e0 la cohabitation des usages et \u00e0 la pr\u00e9servation de l\u2019environnement marin au sein de cet espace naturel tr\u00e8s fr\u00e9quent\u00e9 et particuli\u00e8rement sensible ;<br \/>pour les navires de plaisance : au respect des obligations en mati\u00e8re de dotation d\u2019armement et de s\u00e9curit\u00e9 et \u00e0 la d\u00e9tention des titres de conduite et de navigation ;<br \/>\u00e0 la sensibilisation sur les risques li\u00e9s aux conditions m\u00e9t\u00e9orologiques et \u00e0 la pr\u00e9paration \u00a0\u00bb physique \u00a0\u00bb n\u00e9cessaire \u00e0 certaines pratiques ;<br \/>\u00e0 la consommation d\u2019alcool et de stup\u00e9fiants en mer.<\/p>\n","protected":false},"excerpt":{"rendered":"Ce samedi 9 ao\u00fbt 2025 \u00e0 partir de 9h30, une op\u00e9ration \u00ab\u00a0S\u00e9curit\u00e9 Mer\u00a0\u00bb est organis\u00e9e sur le littoral&hellip;\n","protected":false},"author":2,"featured_media":148903,"comment_status":"","ping_status":"","sticky":false,"template":"","format":"standard","meta":{"footnotes":""},"categories":[9619],"tags":[1111,11,1777,674,1011,27,12,882,25,2310],"class_list":{"0":"post-308163","1":"post","2":"type-post","3":"status-publish","4":"format-standard","5":"has-post-thumbnail","7":"category-toulon","8":"tag-actu","9":"tag-actualites","10":"tag-eu","11":"tag-europe","12":"tag-fr","13":"tag-france","14":"tag-news","15":"tag-provence-alpes-cote-dazur","16":"tag-republique-francaise","17":"tag-toulon"},"share_on_mastodon":{"url":"https:\/\/pubeurope.com\/@fr\/115000989715128086","error":""},"_links":{"self":[{"href":"https:\/\/www.europesays.com\/fr\/wp-json\/wp\/v2\/posts\/308163","targetHints":{"allow":["GET"]}}],"collection":[{"href":"https:\/\/www.europesays.com\/fr\/wp-json\/wp\/v2\/posts"}],"about":[{"href":"https:\/\/www.europesays.com\/fr\/wp-json\/wp\/v2\/types\/post"}],"author":[{"embeddable":true,"href":"https:\/\/www.europesays.com\/fr\/wp-json\/wp\/v2\/users\/2"}],"replies":[{"embeddable":true,"href":"https:\/\/www.europesays.com\/fr\/wp-json\/wp\/v2\/comments?post=308163"}],"version-history":[{"count":0,"href":"https:\/\/www.europesays.com\/fr\/wp-json\/wp\/v2\/posts\/308163\/revisions"}],"wp:featuredmedia":[{"embeddable":true,"href":"https:\/\/www.europesays.com\/fr\/wp-json\/wp\/v2\/media\/148903"}],"wp:attachment":[{"href":"https:\/\/www.europesays.com\/fr\/wp-json\/wp\/v2\/media?parent=308163"}],"wp:term":[{"taxonomy":"category","embeddable":true,"href":"https:\/\/www.europesays.com\/fr\/wp-json\/wp\/v2\/categories?post=308163"},{"taxonomy":"post_tag","embeddable":true,"href":"https:\/\/www.europesays.com\/fr\/wp-json\/wp\/v2\/tags?post=308163"}],"curies":[{"name":"wp","href":"https:\/\/api.w.org\/{rel}","templated":true}]}}