{"id":308168,"date":"2025-08-09T21:50:20","date_gmt":"2025-08-09T21:50:20","guid":{"rendered":"https:\/\/www.europesays.com\/fr\/308168\/"},"modified":"2025-08-09T21:50:20","modified_gmt":"2025-08-09T21:50:20","slug":"ligue-2-malgre-un-grand-mamadou-diop-le-gf38-debute-mal-sa-saison-a-troyes-revivez-la-rencontre","status":"publish","type":"post","link":"https:\/\/www.europesays.com\/fr\/308168\/","title":{"rendered":"Ligue 2. Malgr\u00e9 un grand Mamadou Diop, le GF38 d\u00e9bute mal sa saison \u00e0 Troyes&#8230; Revivez la rencontre"},"content":{"rendered":"<p>En d\u00e9placement \u00e0 Troyes, le GF38 s&rsquo;est inclin\u00e9 \u00e0 Troyes (2-1) dans le cadre de la premi\u00e8re journ\u00e9e de Ligue 2. Les Grenoblois, \u00e0 dix pendant plus d&rsquo;une mi-temps n&rsquo;ont pas \u00e9t\u00e9 en mesure de tenir le nul malgr\u00e9 une bonne prestation de Mamadou Diop.<\/p>\n<p>&#13;<br \/>\n              J.B. (avec L.A. \u00e0 Troyes) &#8211; &#13;<br \/>\n        &#13;<br \/>\n          Aujourd&rsquo;hui \u00e0 22:00&#13;<br \/>\n    &#13;<br \/>\n                  | mis \u00e0 jour aujourd&rsquo;hui \u00e0 22:35&#13;<br \/>\n              &#8211; Temps de lecture : &#13;<br \/>\n  &#13;<\/p>\n","protected":false},"excerpt":{"rendered":"En d\u00e9placement \u00e0 Troyes, le GF38 s&rsquo;est inclin\u00e9 \u00e0 Troyes (2-1) dans le cadre de la premi\u00e8re journ\u00e9e&hellip;\n","protected":false},"author":2,"featured_media":308169,"comment_status":"","ping_status":"","sticky":false,"template":"","format":"standard","meta":{"footnotes":""},"categories":[9566],"tags":[1111,11,2430,3545,112,113,114,1777,674,1701,63,1011,27,12637,2731,2732,108,12636,1985,12,25,517],"class_list":{"0":"post-308168","1":"post","2":"type-post","3":"status-publish","4":"format-standard","5":"has-post-thumbnail","7":"category-grenoble","8":"tag-actu","9":"tag-actualites","10":"tag-auvergne-rhone-alpes","11":"tag-direct-sport","12":"tag-edition-grenoble-agglomeration","13":"tag-edition-gresivaudan-oisans","14":"tag-edition-voiron-saint-marcellin","15":"tag-eu","16":"tag-europe","17":"tag-fil-info-sport","18":"tag-football","19":"tag-fr","20":"tag-france","21":"tag-gf38-grenoble-foot-38","22":"tag-grenoble","23":"tag-grenoble-bassin","24":"tag-isere","25":"tag-ligue-2-football","26":"tag-metropole-de-grenoble","27":"tag-news","28":"tag-republique-francaise","29":"tag-sport"},"share_on_mastodon":{"url":"https:\/\/pubeurope.com\/@fr\/115001021072462794","error":""},"_links":{"self":[{"href":"https:\/\/www.europesays.com\/fr\/wp-json\/wp\/v2\/posts\/308168","targetHints":{"allow":["GET"]}}],"collection":[{"href":"https:\/\/www.europesays.com\/fr\/wp-json\/wp\/v2\/posts"}],"about":[{"href":"https:\/\/www.europesays.com\/fr\/wp-json\/wp\/v2\/types\/post"}],"author":[{"embeddable":true,"href":"https:\/\/www.europesays.com\/fr\/wp-json\/wp\/v2\/users\/2"}],"replies":[{"embeddable":true,"href":"https:\/\/www.europesays.com\/fr\/wp-json\/wp\/v2\/comments?post=308168"}],"version-history":[{"count":0,"href":"https:\/\/www.europesays.com\/fr\/wp-json\/wp\/v2\/posts\/308168\/revisions"}],"wp:featuredmedia":[{"embeddable":true,"href":"https:\/\/www.europesays.com\/fr\/wp-json\/wp\/v2\/media\/308169"}],"wp:attachment":[{"href":"https:\/\/www.europesays.com\/fr\/wp-json\/wp\/v2\/media?parent=308168"}],"wp:term":[{"taxonomy":"category","embeddable":true,"href":"https:\/\/www.europesays.com\/fr\/wp-json\/wp\/v2\/categories?post=308168"},{"taxonomy":"post_tag","embeddable":true,"href":"https:\/\/www.europesays.com\/fr\/wp-json\/wp\/v2\/tags?post=308168"}],"curies":[{"name":"wp","href":"https:\/\/api.w.org\/{rel}","templated":true}]}}